{"id":339934,"date":"2024-03-25T15:14:11","date_gmt":"2024-03-25T14:14:11","guid":{"rendered":"https:\/\/polishscience.pl\/?p=339934"},"modified":"2024-03-25T15:14:11","modified_gmt":"2024-03-25T14:14:11","slug":"a-faia-da-universidade-de-wroclaw-a-arvore-europeia-do-ano","status":"publish","type":"post","link":"https:\/\/www.polishscience.pl\/pt-pt\/a-faia-da-universidade-de-wroclaw-a-arvore-europeia-do-ano\/","title":{"rendered":"A faia da Universidade de Wroc\u0142aw, a \u00e1rvore europeia do ano"},"content":{"rendered":"<p class=\"western\"><span style=\"color: #0000ff;\"><span style=\"color: #000000;\"><span style=\"font-family: Times New Roman, serif;\"><span style=\"font-size: medium;\"><span lang=\"pl-PL\"><b>A faia &#8220;Cora\u00e7\u00e3o do Jardim&#8221;, que cresce no Arboreto Wojs\u0142awice \u2013 Jardim Bot\u00e2nico da Universidade de Wroc\u0142aw (UWr), foi eleita \u00c1rvore Europeia do Ano 2024. Na vota\u00e7\u00e3o online, &#8220;Cora\u00e7\u00e3o do Jardim&#8221; recebeu 39.158 votos, seguiu-se a faia francesa de Bayeux com 24.807 votos e a oliveira de Luras (Sardenha) com 13.933 votos.<\/b><\/span><\/span><\/span><\/span><\/span><\/p>\n<p class=\"western\"><span style=\"color: #0000ff;\"><span style=\"color: #000000;\"><span style=\"font-family: Times New Roman, serif;\"><span style=\"font-size: medium;\"><span lang=\"pl-PL\">A majestosa faia comum &#8220;Atropunicea&#8221; tem mais de 200 anos e cresce no centro de um antigo parque, a parte mais valiosa do Arboreto Wojs\u0142awice.<\/span><\/span><\/span><\/span><\/span><\/p>\n<p class=\"western\"><span style=\"color: #0000ff;\"><span style=\"color: #000000;\"><span style=\"font-family: Times New Roman, serif;\"><span style=\"font-size: medium;\"><span lang=\"pl-PL\">Durante anos foi um observador silencioso da turbulenta hist\u00f3ria da Baixa Sil\u00e9sia e, acima de tudo, do Parque Wojs\u0142awice. \u00c9 tamb\u00e9m uma das \u00e1rvores mais fotografadas do Arboreto. A maioria dos visitantes, mais de 130 mil por ano, tem uma foto desta \u00e1rvore ou pelo menos lembra-se da sua imagem incomum. Essa poderosa \u00e1rvore encanta com as suas folhas, que adquirem uma linda cor violeta, como lemos no s\u00edtio web da UWr.<\/span><\/span><\/span><\/span><\/span><\/p>\n<p class=\"western\"><span style=\"color: #0000ff;\"><span style=\"color: #000000;\"><span style=\"font-family: Times New Roman, serif;\"><span style=\"font-size: medium;\"><span lang=\"pl-PL\">Mais: <a href=\"https:\/\/uwr.edu.pl\/mamy-europee-drzewo-roku-2024\/\">https:\/\/uwr.edu.pl\/mamy-europee-drzewo-roku-2024\/<\/a><\/span><\/span><\/span><\/span><\/span><\/p>\n<p class=\"western\" lang=\"pl-PL\">\n<p class=\"western\" lang=\"pl-PL\">\n","protected":false},"excerpt":{"rendered":"<p>A faia &#8220;Cora\u00e7\u00e3o do Jardim&#8221;, que cresce no Arboreto Wojs\u0142awice \u2013 Jardim Bot\u00e2nico da Universidade de Wroc\u0142aw (UWr), foi eleita \u00c1rvore Europeia do Ano 2024. Na vota\u00e7\u00e3o online, &#8220;Cora\u00e7\u00e3o do Jardim&#8221; recebeu 39.158 votos, seguiu-se a faia francesa de Bayeux com 24.807 votos e a oliveira de Luras (Sardenha) com 13.933 votos. A majestosa faia [&hellip;]<\/p>\n","protected":false},"author":6,"featured_media":339767,"comment_status":"closed","ping_status":"closed","sticky":false,"template":"","format":"standard","meta":[],"categories":[73],"tags":[],"_links":{"self":[{"href":"https:\/\/www.polishscience.pl\/pt-pt\/wp-json\/wp\/v2\/posts\/339934"}],"collection":[{"href":"https:\/\/www.polishscience.pl\/pt-pt\/wp-json\/wp\/v2\/posts"}],"about":[{"href":"https:\/\/www.polishscience.pl\/pt-pt\/wp-json\/wp\/v2\/types\/post"}],"author":[{"embeddable":true,"href":"https:\/\/www.polishscience.pl\/pt-pt\/wp-json\/wp\/v2\/users\/6"}],"replies":[{"embeddable":true,"href":"https:\/\/www.polishscience.pl\/pt-pt\/wp-json\/wp\/v2\/comments?post=339934"}],"version-history":[{"count":1,"href":"https:\/\/www.polishscience.pl\/pt-pt\/wp-json\/wp\/v2\/posts\/339934\/revisions"}],"predecessor-version":[{"id":339942,"href":"https:\/\/www.polishscience.pl\/pt-pt\/wp-json\/wp\/v2\/posts\/339934\/revisions\/339942"}],"wp:featuredmedia":[{"embeddable":true,"href":"https:\/\/www.polishscience.pl\/pt-pt\/wp-json\/wp\/v2\/media\/339767"}],"wp:attachment":[{"href":"https:\/\/www.polishscience.pl\/pt-pt\/wp-json\/wp\/v2\/media?parent=339934"}],"wp:term":[{"taxonomy":"category","embeddable":true,"href":"https:\/\/www.polishscience.pl\/pt-pt\/wp-json\/wp\/v2\/categories?post=339934"},{"taxonomy":"post_tag","embeddable":true,"href":"https:\/\/www.polishscience.pl\/pt-pt\/wp-json\/wp\/v2\/tags?post=339934"}],"curies":[{"name":"wp","href":"https:\/\/api.w.org\/{rel}","templated":true}]}}