{"id":333152,"date":"2024-02-16T14:17:50","date_gmt":"2024-02-16T13:17:50","guid":{"rendered":"https:\/\/polishscience.pl\/?p=333152"},"modified":"2024-02-16T14:17:50","modified_gmt":"2024-02-16T13:17:50","slug":"setimo-ditado-de-cracovia","status":"publish","type":"post","link":"https:\/\/www.polishscience.pl\/pt-pt\/setimo-ditado-de-cracovia\/","title":{"rendered":"S\u00e9timo Ditado de Crac\u00f3via"},"content":{"rendered":"<p class=\"western\" lang=\"pl-PL\">\n<p class=\"western\" lang=\"pl-PL\"><span style=\"font-family: Times New Roman, serif;\"><span style=\"font-size: medium;\"><b>A Universidade Jaguel\u00f4nica (UJ) de Crac\u00f3via abriu as inscri\u00e7\u00f5es para o s\u00e9timo Ditado de Crac\u00f3via, que acontecer\u00e1 no dia 9 de mar\u00e7o de 2024 no Audit\u00f3rio Maximum da UJ. Este \u00e9 um evento em que os f\u00e3s da l\u00edngua podem testar as suas habilidades. O evento faz parte das comemora\u00e7\u00f5es do M\u00eas da L\u00edngua Materna.<\/b><\/span><\/span><\/p>\n<p class=\"western\" lang=\"pl-PL\"><span style=\"font-family: Times New Roman, serif;\"><span style=\"font-size: medium;\">O VII Ditado de Crac\u00f3via ser\u00e1 composto por duas categorias: &#8220;aberta&#8221; (para maiores de 15 anos) e &#8220;j\u00fanior&#8221;(para crian\u00e7as e adolescentes at\u00e9 15 anos). O vencedor da categoria &#8220;aberta&#8221; receber\u00e1 o t\u00edtulo de Campe\u00e3o de Ortografia de Crac\u00f3via e pr\u00e9mios.<\/span><\/span><\/p>\n<p class=\"western\" lang=\"pl-PL\"><span style=\"font-family: Times New Roman, serif;\"><span style=\"font-size: medium;\">Tradicionalmente, o texto ditado tanto para jovens professores de ortografia quanto para profissionais ser\u00e1 escrito pelo Dr. Miros\u0142aw Mycawka, pesquisador do Departamento de L\u00edngua Polaca Contempor\u00e2nea da UJ.<\/span><\/span><\/p>\n<p class=\"western\" lang=\"pl-PL\"><span style=\"font-family: Times New Roman, serif;\"><span style=\"font-size: medium;\">O ditado \u00e9 o principal evento do M\u00eas da L\u00edngua Materna, que acontecer\u00e1 de 21 de fevereiro a 21 de mar\u00e7o de 2024, organizado pela Faculdade de Estudos Polacos da UJ.<\/span><\/span><\/p>\n","protected":false},"excerpt":{"rendered":"<p>A Universidade Jaguel\u00f4nica (UJ) de Crac\u00f3via abriu as inscri\u00e7\u00f5es para o s\u00e9timo Ditado de Crac\u00f3via, que acontecer\u00e1 no dia 9 de mar\u00e7o de 2024 no Audit\u00f3rio Maximum da UJ. Este \u00e9 um evento em que os f\u00e3s da l\u00edngua podem testar as suas habilidades. O evento faz parte das comemora\u00e7\u00f5es do M\u00eas da L\u00edngua Materna. [&hellip;]<\/p>\n","protected":false},"author":6,"featured_media":332936,"comment_status":"closed","ping_status":"closed","sticky":false,"template":"","format":"standard","meta":[],"categories":[69],"tags":[],"_links":{"self":[{"href":"https:\/\/www.polishscience.pl\/pt-pt\/wp-json\/wp\/v2\/posts\/333152"}],"collection":[{"href":"https:\/\/www.polishscience.pl\/pt-pt\/wp-json\/wp\/v2\/posts"}],"about":[{"href":"https:\/\/www.polishscience.pl\/pt-pt\/wp-json\/wp\/v2\/types\/post"}],"author":[{"embeddable":true,"href":"https:\/\/www.polishscience.pl\/pt-pt\/wp-json\/wp\/v2\/users\/6"}],"replies":[{"embeddable":true,"href":"https:\/\/www.polishscience.pl\/pt-pt\/wp-json\/wp\/v2\/comments?post=333152"}],"version-history":[{"count":1,"href":"https:\/\/www.polishscience.pl\/pt-pt\/wp-json\/wp\/v2\/posts\/333152\/revisions"}],"predecessor-version":[{"id":333162,"href":"https:\/\/www.polishscience.pl\/pt-pt\/wp-json\/wp\/v2\/posts\/333152\/revisions\/333162"}],"wp:featuredmedia":[{"embeddable":true,"href":"https:\/\/www.polishscience.pl\/pt-pt\/wp-json\/wp\/v2\/media\/332936"}],"wp:attachment":[{"href":"https:\/\/www.polishscience.pl\/pt-pt\/wp-json\/wp\/v2\/media?parent=333152"}],"wp:term":[{"taxonomy":"category","embeddable":true,"href":"https:\/\/www.polishscience.pl\/pt-pt\/wp-json\/wp\/v2\/categories?post=333152"},{"taxonomy":"post_tag","embeddable":true,"href":"https:\/\/www.polishscience.pl\/pt-pt\/wp-json\/wp\/v2\/tags?post=333152"}],"curies":[{"name":"wp","href":"https:\/\/api.w.org\/{rel}","templated":true}]}}