{"id":280751,"date":"2023-05-02T15:06:08","date_gmt":"2023-05-02T13:06:08","guid":{"rendered":"https:\/\/polishscience.pl\/?p=280751"},"modified":"2023-05-02T15:06:08","modified_gmt":"2023-05-02T13:06:08","slug":"copernico-festival-2023-cosmos","status":"publish","type":"post","link":"https:\/\/www.polishscience.pl\/pt-pt\/copernico-festival-2023-cosmos\/","title":{"rendered":"Cop\u00e9rnico Festival 2023 \u2013 Cosmos"},"content":{"rendered":"<p class=\"western\" lang=\"pl-PL\"><span style=\"font-family: Times New Roman, serif;\"><span style=\"font-size: medium;\"><b>De 23 a 28 de maio de 2023, o Museu de Engenharia e Tecnologia de Crac\u00f3via sediar\u00e1 o Copernicus Festival 2023 \u2013 Cosmos, um evento que apresentar\u00e1 aos participantes temas interessantes no campo da cosmologia, psicologia e astrobiologia.<\/b><\/span><\/span><\/p>\n<p class=\"western\" lang=\"pl-PL\"><span style=\"font-family: Times New Roman, serif;\"><span style=\"font-size: medium;\">Os organizadores do festival cient\u00edfico e cultural s\u00e3o: o Centro Cop\u00e9rnico para Pesquisa Interdisciplinar da Universidade Jaguel\u00f4nica, a Funda\u00e7\u00e3o Centro Cop\u00e9rnico, a Funda\u00e7\u00e3o Tygodnik Powszechny e a editora de Tygodnik Powszechny. O objetivo \u00e9 divulgar a ci\u00eancia e a filosofia, explicar o seu impacto na vida social e mostrar as diversas rela\u00e7\u00f5es entre elas e outros campos da cultura, incluindo a literatura e a arte.<\/span><\/span><\/p>\n<p class=\"western\" lang=\"pl-PL\"><span style=\"font-family: Times New Roman, serif;\"><span style=\"font-size: medium;\">Como enfatizam os organizadores, as revolu\u00e7\u00f5es cient\u00edficas posteriores, desde a provocada por Nicolau Cop\u00e9rnico at\u00e9 o surgimento da teoria da relatividade do s\u00e9culo XX e da cosmologia nela baseada, empurraram o homem do centro do cosmos para a periferia. De uma perspetiva c\u00f3smica, a Terra \u00e9 apenas um dos poss\u00edveis bilh\u00f5es de planetas orbitando bilh\u00f5es de estrelas em uma das bilh\u00f5es de gal\u00e1xias.<\/span><\/span><\/p>\n<p class=\"western\" lang=\"pl-PL\"><span style=\"font-family: Times New Roman, serif;\"><span style=\"font-size: medium;\">Avan\u00e7ar:<\/span><\/span><\/p>\n<p class=\"western\" lang=\"pl-PL\"><span style=\"font-family: Times New Roman, serif;\"><span style=\"font-size: medium;\"><a href=\"https:\/\/copernicusfestival.com\/program-festiwalu\/\">https:\/\/copernicusfestival.com\/program-festiwalu\/<\/a><\/span><\/span><\/p>\n<p class=\"western\" lang=\"pl-PL\">\n","protected":false},"excerpt":{"rendered":"<p>De 23 a 28 de maio de 2023, o Museu de Engenharia e Tecnologia de Crac\u00f3via sediar\u00e1 o Copernicus Festival 2023 \u2013 Cosmos, um evento que apresentar\u00e1 aos participantes temas interessantes no campo da cosmologia, psicologia e astrobiologia. Os organizadores do festival cient\u00edfico e cultural s\u00e3o: o Centro Cop\u00e9rnico para Pesquisa Interdisciplinar da Universidade Jaguel\u00f4nica, [&hellip;]<\/p>\n","protected":false},"author":6,"featured_media":280548,"comment_status":"closed","ping_status":"closed","sticky":false,"template":"","format":"standard","meta":[],"categories":[73],"tags":[],"_links":{"self":[{"href":"https:\/\/www.polishscience.pl\/pt-pt\/wp-json\/wp\/v2\/posts\/280751"}],"collection":[{"href":"https:\/\/www.polishscience.pl\/pt-pt\/wp-json\/wp\/v2\/posts"}],"about":[{"href":"https:\/\/www.polishscience.pl\/pt-pt\/wp-json\/wp\/v2\/types\/post"}],"author":[{"embeddable":true,"href":"https:\/\/www.polishscience.pl\/pt-pt\/wp-json\/wp\/v2\/users\/6"}],"replies":[{"embeddable":true,"href":"https:\/\/www.polishscience.pl\/pt-pt\/wp-json\/wp\/v2\/comments?post=280751"}],"version-history":[{"count":1,"href":"https:\/\/www.polishscience.pl\/pt-pt\/wp-json\/wp\/v2\/posts\/280751\/revisions"}],"predecessor-version":[{"id":280762,"href":"https:\/\/www.polishscience.pl\/pt-pt\/wp-json\/wp\/v2\/posts\/280751\/revisions\/280762"}],"wp:featuredmedia":[{"embeddable":true,"href":"https:\/\/www.polishscience.pl\/pt-pt\/wp-json\/wp\/v2\/media\/280548"}],"wp:attachment":[{"href":"https:\/\/www.polishscience.pl\/pt-pt\/wp-json\/wp\/v2\/media?parent=280751"}],"wp:term":[{"taxonomy":"category","embeddable":true,"href":"https:\/\/www.polishscience.pl\/pt-pt\/wp-json\/wp\/v2\/categories?post=280751"},{"taxonomy":"post_tag","embeddable":true,"href":"https:\/\/www.polishscience.pl\/pt-pt\/wp-json\/wp\/v2\/tags?post=280751"}],"curies":[{"name":"wp","href":"https:\/\/api.w.org\/{rel}","templated":true}]}}