{"id":280477,"date":"2023-04-28T15:11:10","date_gmt":"2023-04-28T13:11:10","guid":{"rendered":"https:\/\/polishscience.pl\/?p=280477"},"modified":"2023-04-28T15:11:10","modified_gmt":"2023-04-28T13:11:10","slug":"universidade-tecnologica-de-wroclaw-coopera-com-o-instituto-de-seguranca-social","status":"publish","type":"post","link":"https:\/\/www.polishscience.pl\/pt-pt\/universidade-tecnologica-de-wroclaw-coopera-com-o-instituto-de-seguranca-social\/","title":{"rendered":"Universidade Tecnol\u00f3gica de Wroc\u0142aw coopera com o Instituto de Seguran\u00e7a Social"},"content":{"rendered":"<p class=\"western\"><span style=\"color: #000000;\"><span style=\"font-family: Times New Roman, serif;\"><span style=\"font-size: medium;\"><span lang=\"zxx\"><b>A Universidade Tecnol\u00f3gica de Wroc\u0142aw coopera com o Instituto de Seguran\u00e7a Social (<\/b><\/span><\/span><\/span><\/span><em><span style=\"color: #000000;\"><span style=\"font-family: Times New Roman, serif;\"><span style=\"font-size: medium;\"><b>Zak\u0142ad Ubezpiecze\u0144 Spo\u0142ecznych, <\/b><\/span><\/span><\/span><\/em><span style=\"color: #000000;\"><span style=\"font-family: Times New Roman, serif;\"><span style=\"font-size: medium;\"><span lang=\"zxx\"><b>ZUS) na implementa\u00e7\u00e3o conjunta de projetos cient\u00edficos, consultoria e forma\u00e7\u00e3o para funcion\u00e1rios, bem como na organiza\u00e7\u00e3o de est\u00e1gios, informa a Universidade.<\/b><\/span><\/span><\/span><\/span><\/p>\n<p class=\"western\" lang=\"zxx\"><span style=\"color: #000000;\"><span style=\"font-family: Times New Roman, serif;\"><span style=\"font-size: medium;\">O conv\u00e9nio tamb\u00e9m prev\u00ea consultas e palestras de especialistas do ZUS, entidade formadora na \u00e1rea de previd\u00eancia social para docentes e servidores administrativos, e a possibilidade de publica\u00e7\u00e3o de artigos cient\u00edficos de servidores universit\u00e1rios na pontuada publica\u00e7\u00e3o cient\u00edfica trimestral &#8220;Seguran\u00e7a Social. Teoria e pr\u00e1tica.&#8221; Est\u00e1 tamb\u00e9m prevista a coorganiza\u00e7\u00e3o de confer\u00eancias sobre seguran\u00e7a social e educa\u00e7\u00e3o neste dom\u00ednio.<\/span><\/span><\/span><\/p>\n<p class=\"western\" lang=\"zxx\"><span style=\"color: #000000;\"><span style=\"font-family: Times New Roman, serif;\"><span style=\"font-size: medium;\">A coopera\u00e7\u00e3o entre a Universidade Tecnol\u00f3gica de Wroc\u0142aw e o ZUS come\u00e7aram em 2018. O acordo assinado na \u00e9poca era v\u00e1lido por cinco anos e a maioria das atividades era realizada em coopera\u00e7\u00e3o com a Incubadora de Empreendedorismo Acad\u00e9mico da Universidade. Agora o acordo \u00e9 celebrado por tempo indeterminado.<\/span><\/span><\/span><\/p>\n<p class=\"western\" lang=\"zxx\"><span style=\"color: #000000;\"><span style=\"font-family: Times New Roman, serif;\"><span style=\"font-size: medium;\">Mais: <a href=\"https:\/\/pwr.edu.pl\/uczelnia\/aktualnosci\/szansa-dla-mlodych-przedsiebiorcow---wspolpracujemy-z-zus-12876.html\">https:\/\/pwr.edu.pl\/uczelnia\/aktualnosci\/szansa-dla-mlodych-przedsiebiorcow&#8212;wspolpracujemy-z-zus-12876.html<\/a> <\/span><\/span><\/span><\/p>\n","protected":false},"excerpt":{"rendered":"<p>A Universidade Tecnol\u00f3gica de Wroc\u0142aw coopera com o Instituto de Seguran\u00e7a Social (Zak\u0142ad Ubezpiecze\u0144 Spo\u0142ecznych, ZUS) na implementa\u00e7\u00e3o conjunta de projetos cient\u00edficos, consultoria e forma\u00e7\u00e3o para funcion\u00e1rios, bem como na organiza\u00e7\u00e3o de est\u00e1gios, informa a Universidade. O conv\u00e9nio tamb\u00e9m prev\u00ea consultas e palestras de especialistas do ZUS, entidade formadora na \u00e1rea de previd\u00eancia social para [&hellip;]<\/p>\n","protected":false},"author":6,"featured_media":280309,"comment_status":"closed","ping_status":"closed","sticky":false,"template":"","format":"standard","meta":[],"categories":[67],"tags":[],"_links":{"self":[{"href":"https:\/\/www.polishscience.pl\/pt-pt\/wp-json\/wp\/v2\/posts\/280477"}],"collection":[{"href":"https:\/\/www.polishscience.pl\/pt-pt\/wp-json\/wp\/v2\/posts"}],"about":[{"href":"https:\/\/www.polishscience.pl\/pt-pt\/wp-json\/wp\/v2\/types\/post"}],"author":[{"embeddable":true,"href":"https:\/\/www.polishscience.pl\/pt-pt\/wp-json\/wp\/v2\/users\/6"}],"replies":[{"embeddable":true,"href":"https:\/\/www.polishscience.pl\/pt-pt\/wp-json\/wp\/v2\/comments?post=280477"}],"version-history":[{"count":1,"href":"https:\/\/www.polishscience.pl\/pt-pt\/wp-json\/wp\/v2\/posts\/280477\/revisions"}],"predecessor-version":[{"id":280481,"href":"https:\/\/www.polishscience.pl\/pt-pt\/wp-json\/wp\/v2\/posts\/280477\/revisions\/280481"}],"wp:featuredmedia":[{"embeddable":true,"href":"https:\/\/www.polishscience.pl\/pt-pt\/wp-json\/wp\/v2\/media\/280309"}],"wp:attachment":[{"href":"https:\/\/www.polishscience.pl\/pt-pt\/wp-json\/wp\/v2\/media?parent=280477"}],"wp:term":[{"taxonomy":"category","embeddable":true,"href":"https:\/\/www.polishscience.pl\/pt-pt\/wp-json\/wp\/v2\/categories?post=280477"},{"taxonomy":"post_tag","embeddable":true,"href":"https:\/\/www.polishscience.pl\/pt-pt\/wp-json\/wp\/v2\/tags?post=280477"}],"curies":[{"name":"wp","href":"https:\/\/api.w.org\/{rel}","templated":true}]}}