{"id":268100,"date":"2023-02-20T20:09:37","date_gmt":"2023-02-20T19:09:37","guid":{"rendered":"https:\/\/polishscience.pl\/?p=268100"},"modified":"2023-02-20T20:09:37","modified_gmt":"2023-02-20T19:09:37","slug":"congresso-mundial-copernicano-debate-de-sete-governadores-dos-bancos-centrais-europeus","status":"publish","type":"post","link":"https:\/\/www.polishscience.pl\/pt-pt\/congresso-mundial-copernicano-debate-de-sete-governadores-dos-bancos-centrais-europeus\/","title":{"rendered":"Congresso Mundial Copernicano: debate de sete governadores dos bancos centrais europeus"},"content":{"rendered":"<p><b>O debate dos governadores dos bancos centrais europeus \u00e9 o \u00faltimo ponto do segundo dia do Congresso Mundial Copernicano em Toru\u0144. No in\u00edcio do debate, o governador do Banco Nacional da Pol\u00f3nia (Narodowy Bank Polski, NBP), Adam Glapi\u0144ski, falou sobre a import\u00e2ncia do Congresso e da pr\u00f3pria Academia Copernicana.<\/b><\/p>\n<p><span style=\"font-weight: 400;\">&#8220;Estou muito feliz por atuar nestas circunst\u00e2ncias e neste momento. Sinto-me realmente emocionado&#8221;, disse o governador do NBP. De acordo com Adam Glapi\u0144ski, o Congresso Mundial Copernicano \u00e9 um evento \u00fanico que ficar\u00e1 na hist\u00f3ria, e a Academia Copernicana inaugurada durante o Congresso \u00e9 a primeira universidade estabelecida na Pol\u00f3nia livre. &#8220;Uma institui\u00e7\u00e3o grande e poderosa. As pessoas que contribu\u00edram para a cria\u00e7\u00e3o desta institui\u00e7\u00e3o ficar\u00e3o para a hist\u00f3ria. Em particular, o ministro Czarnek e o presidente Duda. Estes s\u00e3o momentos importantes tamb\u00e9m para a economia e para as ci\u00eancias de gest\u00e3o&#8221;, observou Adam Glapi\u0144ski.<\/span><\/p>\n<p><span style=\"font-weight: 400;\">Ele tamb\u00e9m se referiu \u00e0 coopera\u00e7\u00e3o entre a Academia e o banco central, que contribuir\u00e1 para a cria\u00e7\u00e3o de uma elite global verdadeiramente moderna. &#8220;Elite em termos de n\u00edvel de ensino, conhecimento e publica\u00e7\u00f5es&#8221;, enfatizou Adam Glapi\u0144ski.<\/span><\/p>\n<p><span style=\"font-weight: 400;\">A discuss\u00e3o sobre a situa\u00e7\u00e3o dos bancos centrais durante a pandemia e o aumento dos pre\u00e7os das mat\u00e9rias-primas, que ocorreu na Corte de Artus em Toru\u0144, contou com a presen\u00e7a de: Martin Schlegel, vice-presidente do conselho de administra\u00e7\u00e3o do Banco Nacional da Su\u00ed\u00e7a, Sandra \u0160valjek, vice-governadora do Banco Nacional da Cro\u00e1cia, Sergiy Nikolaychuk, vice-governador do Banco Nacional da Ucr\u00e2nia, Simonas Kr\u0117p\u0161ta, membro do conselho do Banco da Litu\u00e2nia, Iliya Lingorski, membro do conselho de administra\u00e7\u00e3o do Banco Nacional da Bulg\u00e1ria, e Cristian Popa, membro do conselho de administra\u00e7\u00e3o do Banco Nacional da Rom\u00e9nia.<\/span><\/p>\n","protected":false},"excerpt":{"rendered":"<p>O debate dos governadores dos bancos centrais europeus \u00e9 o \u00faltimo ponto do segundo dia do Congresso Mundial Copernicano em Toru\u0144. No in\u00edcio do debate, o governador do Banco Nacional da Pol\u00f3nia (Narodowy Bank Polski, NBP), Adam Glapi\u0144ski, falou sobre a import\u00e2ncia do Congresso e da pr\u00f3pria Academia Copernicana. &#8220;Estou muito feliz por atuar nestas [&hellip;]<\/p>\n","protected":false},"author":6,"featured_media":268091,"comment_status":"closed","ping_status":"closed","sticky":false,"template":"","format":"standard","meta":[],"categories":[73],"tags":[],"_links":{"self":[{"href":"https:\/\/www.polishscience.pl\/pt-pt\/wp-json\/wp\/v2\/posts\/268100"}],"collection":[{"href":"https:\/\/www.polishscience.pl\/pt-pt\/wp-json\/wp\/v2\/posts"}],"about":[{"href":"https:\/\/www.polishscience.pl\/pt-pt\/wp-json\/wp\/v2\/types\/post"}],"author":[{"embeddable":true,"href":"https:\/\/www.polishscience.pl\/pt-pt\/wp-json\/wp\/v2\/users\/6"}],"replies":[{"embeddable":true,"href":"https:\/\/www.polishscience.pl\/pt-pt\/wp-json\/wp\/v2\/comments?post=268100"}],"version-history":[{"count":1,"href":"https:\/\/www.polishscience.pl\/pt-pt\/wp-json\/wp\/v2\/posts\/268100\/revisions"}],"predecessor-version":[{"id":268101,"href":"https:\/\/www.polishscience.pl\/pt-pt\/wp-json\/wp\/v2\/posts\/268100\/revisions\/268101"}],"wp:featuredmedia":[{"embeddable":true,"href":"https:\/\/www.polishscience.pl\/pt-pt\/wp-json\/wp\/v2\/media\/268091"}],"wp:attachment":[{"href":"https:\/\/www.polishscience.pl\/pt-pt\/wp-json\/wp\/v2\/media?parent=268100"}],"wp:term":[{"taxonomy":"category","embeddable":true,"href":"https:\/\/www.polishscience.pl\/pt-pt\/wp-json\/wp\/v2\/categories?post=268100"},{"taxonomy":"post_tag","embeddable":true,"href":"https:\/\/www.polishscience.pl\/pt-pt\/wp-json\/wp\/v2\/tags?post=268100"}],"curies":[{"name":"wp","href":"https:\/\/api.w.org\/{rel}","templated":true}]}}