{"id":266860,"date":"2023-02-15T23:39:35","date_gmt":"2023-02-15T22:39:35","guid":{"rendered":"https:\/\/polishscience.pl\/?p=266860"},"modified":"2023-02-15T23:39:35","modified_gmt":"2023-02-15T22:39:35","slug":"padroes-de-formacao-simposio-cientifico-e-formativo","status":"publish","type":"post","link":"https:\/\/www.polishscience.pl\/pt-pt\/padroes-de-formacao-simposio-cientifico-e-formativo\/","title":{"rendered":"Padr\u00f5es de Forma\u00e7\u00e3o &#8211; simp\u00f3sio cient\u00edfico e formativo"},"content":{"rendered":"<p class=\"western\" lang=\"zxx\"><b><span style=\"color: #000000;\"><span style=\"font-family: Times New Roman, serif;\"><span style=\"font-size: medium;\">A Equipa para a Qualidade da Forma\u00e7\u00e3o de Professores da Confer\u00eancia dos Reitores das Escolas Acad\u00e9micas da Pol\u00f3nia, com a Confer\u00eancia dos Reitores das Universidades Pedag\u00f3gicas, convida para o simp\u00f3sio cient\u00edfico e formativo tem\u00e1tico relacionado com a implementa\u00e7\u00e3o do padr\u00e3o de forma\u00e7\u00e3o dos professores da educa\u00e7\u00e3o infantil e pr\u00e9-escolar.<\/span><\/span><\/span><\/b><\/p>\n<p class=\"western\" lang=\"zxx\"><span style=\"color: #000000;\"><span style=\"font-family: Times New Roman, serif;\"><span style=\"font-size: medium;\">O simp\u00f3sio, que acontecer\u00e1 no dia 10 de mar\u00e7o de 2023 na Academia Maria Grzegorzewska de Educa\u00e7\u00e3o Especial em Vars\u00f3via, visa a troca de experi\u00eancias relacionadas \u00e0 atual implementa\u00e7\u00e3o do Padr\u00e3o de Forma\u00e7\u00e3o de Professores, incluindo a forma\u00e7\u00e3o p\u00f3s-gradua\u00e7\u00e3o.<\/span><\/span><\/span><\/p>\n<p class=\"western\" lang=\"zxx\"><span style=\"color: #000000;\"><span style=\"font-family: Times New Roman, serif;\"><span style=\"font-size: medium;\">Durante o Simp\u00f3sio est\u00e1 prevista uma discuss\u00e3o sobre poss\u00edveis altera\u00e7\u00f5es \u00e0 Norma, incluindo o projeto de regulamento sobre as qualifica\u00e7\u00f5es detalhadas exigidas aos professores.<\/span><\/span><\/span><\/p>\n","protected":false},"excerpt":{"rendered":"<p>A Equipa para a Qualidade da Forma\u00e7\u00e3o de Professores da Confer\u00eancia dos Reitores das Escolas Acad\u00e9micas da Pol\u00f3nia, com a Confer\u00eancia dos Reitores das Universidades Pedag\u00f3gicas, convida para o simp\u00f3sio cient\u00edfico e formativo tem\u00e1tico relacionado com a implementa\u00e7\u00e3o do padr\u00e3o de forma\u00e7\u00e3o dos professores da educa\u00e7\u00e3o infantil e pr\u00e9-escolar. O simp\u00f3sio, que acontecer\u00e1 no dia [&hellip;]<\/p>\n","protected":false},"author":6,"featured_media":266642,"comment_status":"closed","ping_status":"closed","sticky":false,"template":"","format":"standard","meta":[],"categories":[73],"tags":[],"_links":{"self":[{"href":"https:\/\/www.polishscience.pl\/pt-pt\/wp-json\/wp\/v2\/posts\/266860"}],"collection":[{"href":"https:\/\/www.polishscience.pl\/pt-pt\/wp-json\/wp\/v2\/posts"}],"about":[{"href":"https:\/\/www.polishscience.pl\/pt-pt\/wp-json\/wp\/v2\/types\/post"}],"author":[{"embeddable":true,"href":"https:\/\/www.polishscience.pl\/pt-pt\/wp-json\/wp\/v2\/users\/6"}],"replies":[{"embeddable":true,"href":"https:\/\/www.polishscience.pl\/pt-pt\/wp-json\/wp\/v2\/comments?post=266860"}],"version-history":[{"count":1,"href":"https:\/\/www.polishscience.pl\/pt-pt\/wp-json\/wp\/v2\/posts\/266860\/revisions"}],"predecessor-version":[{"id":266870,"href":"https:\/\/www.polishscience.pl\/pt-pt\/wp-json\/wp\/v2\/posts\/266860\/revisions\/266870"}],"wp:featuredmedia":[{"embeddable":true,"href":"https:\/\/www.polishscience.pl\/pt-pt\/wp-json\/wp\/v2\/media\/266642"}],"wp:attachment":[{"href":"https:\/\/www.polishscience.pl\/pt-pt\/wp-json\/wp\/v2\/media?parent=266860"}],"wp:term":[{"taxonomy":"category","embeddable":true,"href":"https:\/\/www.polishscience.pl\/pt-pt\/wp-json\/wp\/v2\/categories?post=266860"},{"taxonomy":"post_tag","embeddable":true,"href":"https:\/\/www.polishscience.pl\/pt-pt\/wp-json\/wp\/v2\/tags?post=266860"}],"curies":[{"name":"wp","href":"https:\/\/api.w.org\/{rel}","templated":true}]}}