{"id":266287,"date":"2023-02-13T20:42:15","date_gmt":"2023-02-13T19:42:15","guid":{"rendered":"https:\/\/polishscience.pl\/?p=266287"},"modified":"2023-02-13T20:42:15","modified_gmt":"2023-02-13T19:42:15","slug":"pesquisador-da-universidade-adam-mickiewicz-em-poznan-e-a-estrela-da-diplomacia-publica","status":"publish","type":"post","link":"https:\/\/www.polishscience.pl\/pt-pt\/pesquisador-da-universidade-adam-mickiewicz-em-poznan-e-a-estrela-da-diplomacia-publica\/","title":{"rendered":"Pesquisador da Universidade Adam Mickiewicz em Pozna\u0144 \u00e9 a estrela da diplomacia p\u00fablica"},"content":{"rendered":"<p class=\"western\"><b>O padre Prof. Piotr Nawrot da Faculdade de Teologia da Universidade Adam Mickiewicz em Pozna\u0144 foi eleito a Estrela da Diplomacia P\u00fablica no \u00e2mbito do prestigioso Pr\u00e9mio &#8220;Estrelas da Internacionaliza\u00e7\u00e3o&#8221;, concedido por representantes de institui\u00e7\u00f5es e organiza\u00e7\u00f5es polacas envolvidas no desenvolvimento da internacionaliza\u00e7\u00e3o.<\/b><\/p>\n<p class=\"western\">A Estrela da Diplomacia P\u00fablica \u00e9 um pr\u00e9mio para pessoas ativas no campo da diplomacia p\u00fablica, que divulgam altos padr\u00f5es de contactos acad\u00e9micos e cient\u00edficos internacionais.<\/p>\n<p class=\"western\">O padre Prof. Piotr Nawrot, SVD, \u00e9 te\u00f3logo e music\u00f3logo, desde 1995 \u00e9 diretor musical da catedral de La Paz (Bol\u00edvia). Recebeu o pr\u00e9mio por atividade cient\u00edfica, musical e p\u00fablica na Bol\u00edvia e outros pa\u00edses latino-americanos. Padre Nawrot deu in\u00fameras palestras na Am\u00e9rica do Sul e do Norte e em muitos pa\u00edses europeus, contribuindo para a divulga\u00e7\u00e3o da Pol\u00f3nia, a sua ci\u00eancia e cultura, informa a Universidade.<\/p>\n<p class=\"western\">Mais: <a href=\"https:\/\/amu.edu.pl\/wiadomosci\/aktualnosci\/komunikaty-prasowe\/ks.-prof.-piotr-nawrot-gwiazda-dyplomacji-publicznej\">https:\/\/amu.edu.pl\/wiadomosci\/aktualnosci\/komunikaty-prasowe\/ks.-prof.-piotr-nawrot-gwiazda-dyplomacji-publicznej<\/a><\/p>\n","protected":false},"excerpt":{"rendered":"<p>O padre Prof. Piotr Nawrot da Faculdade de Teologia da Universidade Adam Mickiewicz em Pozna\u0144 foi eleito a Estrela da Diplomacia P\u00fablica no \u00e2mbito do prestigioso Pr\u00e9mio &#8220;Estrelas da Internacionaliza\u00e7\u00e3o&#8221;, concedido por representantes de institui\u00e7\u00f5es e organiza\u00e7\u00f5es polacas envolvidas no desenvolvimento da internacionaliza\u00e7\u00e3o. A Estrela da Diplomacia P\u00fablica \u00e9 um pr\u00e9mio para pessoas ativas no [&hellip;]<\/p>\n","protected":false},"author":6,"featured_media":266148,"comment_status":"closed","ping_status":"closed","sticky":false,"template":"","format":"standard","meta":[],"categories":[73],"tags":[],"_links":{"self":[{"href":"https:\/\/www.polishscience.pl\/pt-pt\/wp-json\/wp\/v2\/posts\/266287"}],"collection":[{"href":"https:\/\/www.polishscience.pl\/pt-pt\/wp-json\/wp\/v2\/posts"}],"about":[{"href":"https:\/\/www.polishscience.pl\/pt-pt\/wp-json\/wp\/v2\/types\/post"}],"author":[{"embeddable":true,"href":"https:\/\/www.polishscience.pl\/pt-pt\/wp-json\/wp\/v2\/users\/6"}],"replies":[{"embeddable":true,"href":"https:\/\/www.polishscience.pl\/pt-pt\/wp-json\/wp\/v2\/comments?post=266287"}],"version-history":[{"count":2,"href":"https:\/\/www.polishscience.pl\/pt-pt\/wp-json\/wp\/v2\/posts\/266287\/revisions"}],"predecessor-version":[{"id":266300,"href":"https:\/\/www.polishscience.pl\/pt-pt\/wp-json\/wp\/v2\/posts\/266287\/revisions\/266300"}],"wp:featuredmedia":[{"embeddable":true,"href":"https:\/\/www.polishscience.pl\/pt-pt\/wp-json\/wp\/v2\/media\/266148"}],"wp:attachment":[{"href":"https:\/\/www.polishscience.pl\/pt-pt\/wp-json\/wp\/v2\/media?parent=266287"}],"wp:term":[{"taxonomy":"category","embeddable":true,"href":"https:\/\/www.polishscience.pl\/pt-pt\/wp-json\/wp\/v2\/categories?post=266287"},{"taxonomy":"post_tag","embeddable":true,"href":"https:\/\/www.polishscience.pl\/pt-pt\/wp-json\/wp\/v2\/tags?post=266287"}],"curies":[{"name":"wp","href":"https:\/\/api.w.org\/{rel}","templated":true}]}}