{"id":266021,"date":"2023-02-10T18:17:12","date_gmt":"2023-02-10T17:17:12","guid":{"rendered":"https:\/\/polishscience.pl\/?p=266021"},"modified":"2023-02-10T18:17:12","modified_gmt":"2023-02-10T17:17:12","slug":"conferencia-cientifica-internacional-recuperacao-urbana-pos-covid-experiencias-desafios-e-percursos-futuros","status":"publish","type":"post","link":"https:\/\/www.polishscience.pl\/pt-pt\/conferencia-cientifica-internacional-recuperacao-urbana-pos-covid-experiencias-desafios-e-percursos-futuros\/","title":{"rendered":"Confer\u00eancia cient\u00edfica internacional &#8220;Recupera\u00e7\u00e3o Urbana P\u00f3s-COVID \u2013 Experi\u00eancias, Desafios e Percursos Futuros&#8221;"},"content":{"rendered":"<p class=\"western\"><span style=\"font-family: Times New Roman, serif;\"><span style=\"font-size: medium;\"><span lang=\"zxx\"><b>O Instituto de Ci\u00eancia Pol\u00edtica da Universidade de Wroc\u0142aw convida para a confer\u00eancia cient\u00edfica internacional &#8220;Urban Post-COVID Recovery \u2013 Experiences, Challenges and Future Pathways&#8221;, que acontecer\u00e1 de 26 a 27 de abril. O evento \u00e9 apoiado pela Sec\u00e7\u00e3o de Pol\u00edtica e Administra\u00e7\u00e3o da Sociedade Polaca de Ci\u00eancia Pol\u00edtica, informa a Universidade.<\/b><\/span><\/span><\/span><\/p>\n<p class=\"western\"><span style=\"font-family: Times New Roman, serif;\"><span style=\"font-size: medium;\"><span lang=\"zxx\">O objetivo da confer\u00eancia \u00e9 apresentar os resultados da pesquisa cient\u00edfica e trocar experi\u00eancias e opini\u00f5es sobre o funcionamento das autarquias locais na Europa nas condi\u00e7\u00f5es de crise pand\u00e9mica e p\u00f3s-pand\u00e9mica.<\/span><\/span><\/span><\/p>\n<p class=\"western\"><span style=\"font-family: Times New Roman, serif;\"><span style=\"font-size: medium;\"><span lang=\"zxx\">Os participantes do evento tentar\u00e3o avaliar o potencial preditivo e de resposta da administra\u00e7\u00e3o do governo local, que executa tarefas p\u00fablicas num ambiente turbulento, n\u00e3o apenas pol\u00edtico, mas tamb\u00e9m econ\u00f3mico e social.<\/span><\/span><\/span><\/p>\n<p class=\"western\"><span style=\"font-family: Times New Roman, serif;\"><span style=\"font-size: medium;\"><span lang=\"zxx\">A confer\u00eancia \u00e9 organizada no \u00e2mbito do projeto de pesquisa internacional &#8220;Urban Post-COVID Recovery in the V4 Countries&#8221; implementado com o apoio do International Visegrad Fund (Strategic Grant).<\/span><\/span><\/span><\/p>\n<p class=\"western\" lang=\"zxx\">\n<p class=\"western\"><span style=\"font-family: Times New Roman, serif;\"><span style=\"font-size: medium;\"><span lang=\"pl-PL\">Mais: <\/span><\/span><\/span><span style=\"color: #0000ff;\"><u><a href=\"https:\/\/uwr.edu.pl\/wydarzenia\/miedzynarodowa-konferencja-samorzady-podczas-i-po-pandemii\/\"><span style=\"font-family: Times New Roman, serif;\"><span style=\"font-size: medium;\"><span lang=\"zxx\">https:\/\/uwr.edu.pl\/wydarzenia\/miedzynarodowa-konferencja-samorzady-podczas-i-po-pandemii\/<\/span><\/span><\/span><\/a><\/u><\/span><\/p>\n<p class=\"western\" lang=\"zxx\">\n","protected":false},"excerpt":{"rendered":"<p>O Instituto de Ci\u00eancia Pol\u00edtica da Universidade de Wroc\u0142aw convida para a confer\u00eancia cient\u00edfica internacional &#8220;Urban Post-COVID Recovery \u2013 Experiences, Challenges and Future Pathways&#8221;, que acontecer\u00e1 de 26 a 27 de abril. O evento \u00e9 apoiado pela Sec\u00e7\u00e3o de Pol\u00edtica e Administra\u00e7\u00e3o da Sociedade Polaca de Ci\u00eancia Pol\u00edtica, informa a Universidade. O objetivo da confer\u00eancia [&hellip;]<\/p>\n","protected":false},"author":6,"featured_media":265858,"comment_status":"closed","ping_status":"closed","sticky":false,"template":"","format":"standard","meta":[],"categories":[73],"tags":[],"_links":{"self":[{"href":"https:\/\/www.polishscience.pl\/pt-pt\/wp-json\/wp\/v2\/posts\/266021"}],"collection":[{"href":"https:\/\/www.polishscience.pl\/pt-pt\/wp-json\/wp\/v2\/posts"}],"about":[{"href":"https:\/\/www.polishscience.pl\/pt-pt\/wp-json\/wp\/v2\/types\/post"}],"author":[{"embeddable":true,"href":"https:\/\/www.polishscience.pl\/pt-pt\/wp-json\/wp\/v2\/users\/6"}],"replies":[{"embeddable":true,"href":"https:\/\/www.polishscience.pl\/pt-pt\/wp-json\/wp\/v2\/comments?post=266021"}],"version-history":[{"count":1,"href":"https:\/\/www.polishscience.pl\/pt-pt\/wp-json\/wp\/v2\/posts\/266021\/revisions"}],"predecessor-version":[{"id":266031,"href":"https:\/\/www.polishscience.pl\/pt-pt\/wp-json\/wp\/v2\/posts\/266021\/revisions\/266031"}],"wp:featuredmedia":[{"embeddable":true,"href":"https:\/\/www.polishscience.pl\/pt-pt\/wp-json\/wp\/v2\/media\/265858"}],"wp:attachment":[{"href":"https:\/\/www.polishscience.pl\/pt-pt\/wp-json\/wp\/v2\/media?parent=266021"}],"wp:term":[{"taxonomy":"category","embeddable":true,"href":"https:\/\/www.polishscience.pl\/pt-pt\/wp-json\/wp\/v2\/categories?post=266021"},{"taxonomy":"post_tag","embeddable":true,"href":"https:\/\/www.polishscience.pl\/pt-pt\/wp-json\/wp\/v2\/tags?post=266021"}],"curies":[{"name":"wp","href":"https:\/\/api.w.org\/{rel}","templated":true}]}}