{"id":266016,"date":"2023-02-10T18:11:24","date_gmt":"2023-02-10T17:11:24","guid":{"rendered":"https:\/\/polishscience.pl\/?p=266016"},"modified":"2023-02-10T18:11:24","modified_gmt":"2023-02-10T17:11:24","slug":"vi-edicao-da-legiao-academica","status":"publish","type":"post","link":"https:\/\/www.polishscience.pl\/pt-pt\/vi-edicao-da-legiao-academica\/","title":{"rendered":"VI edi\u00e7\u00e3o da &#8220;Legi\u00e3o Acad\u00e9mica&#8221;"},"content":{"rendered":"<p class=\"western\"><span style=\"color: #000000;\"><span style=\"font-family: Times New Roman, serif;\"><span style=\"font-size: medium;\"><span lang=\"zxx\"><b>At\u00e9 10 de fevereiro de 2023, as universidades p\u00fablicas e privadas podem candidatar-se \u00e0 6.\u00aa edi\u00e7\u00e3o da \u201cLegi\u00e3o Acad\u00e9mica\u201d, programa de forma\u00e7\u00e3o militar de estudantes e graduados implementado conjuntamente pelo Minist\u00e9rio da Educa\u00e7\u00e3o e Ci\u00eancia e pelo Minist\u00e9rio da Defesa Nacional.<\/b><\/span><\/span><\/span><\/span><\/p>\n<p class=\"western\"><span style=\"color: #000000;\"><span style=\"font-family: Times New Roman, serif;\"><span style=\"font-size: medium;\"><span lang=\"zxx\">O programa \u00e9 implementado com base num acordo entre o Ministro da Defesa Nacional e o Ministro da Educa\u00e7\u00e3o e Ci\u00eancia, celebrado no dia 12 de janeiro de 2023. Estima-se que participem entre 50 e 70 institui\u00e7\u00f5es de ensino superior.<\/span><\/span><\/span><\/span><\/p>\n<p class=\"western\"><span style=\"color: #000000;\"><span style=\"font-family: Times New Roman, serif;\"><span style=\"font-size: medium;\"><span lang=\"zxx\">A educa\u00e7\u00e3o militar inclui duas partes de treino: te\u00f3rica e pr\u00e1tica. A parte te\u00f3rica \u00e9 realizada conforme o programa de forma\u00e7\u00e3o desenvolvido pelo Ministro da Defesa Nacional. A sua finalidade \u00e9 transferir os conhecimentos e compet\u00eancias necess\u00e1rias para a realiza\u00e7\u00e3o da parte pr\u00e1tica, ou seja, uma forma\u00e7\u00e3o que se realiza em unidades militares. A parte pr\u00e1tica tamb\u00e9m est\u00e1 a cargo do Ministro da Defesa Nacional.<\/span><\/span><\/span><\/span><\/p>\n<p class=\"western\"><span style=\"color: #000000;\"><span style=\"font-family: Times New Roman, serif;\"><span style=\"font-size: medium;\"><span lang=\"zxx\">O Minist\u00e9rio da Educa\u00e7\u00e3o e Ci\u00eancia vai atribuir cerca de 1 milh\u00e3o de zl\u00f3tis para a implementa\u00e7\u00e3o do projeto. <\/span><\/span><\/span><\/span><\/p>\n","protected":false},"excerpt":{"rendered":"<p>At\u00e9 10 de fevereiro de 2023, as universidades p\u00fablicas e privadas podem candidatar-se \u00e0 6.\u00aa edi\u00e7\u00e3o da \u201cLegi\u00e3o Acad\u00e9mica\u201d, programa de forma\u00e7\u00e3o militar de estudantes e graduados implementado conjuntamente pelo Minist\u00e9rio da Educa\u00e7\u00e3o e Ci\u00eancia e pelo Minist\u00e9rio da Defesa Nacional. O programa \u00e9 implementado com base num acordo entre o Ministro da Defesa Nacional [&hellip;]<\/p>\n","protected":false},"author":6,"featured_media":265799,"comment_status":"closed","ping_status":"closed","sticky":false,"template":"","format":"standard","meta":[],"categories":[73],"tags":[],"_links":{"self":[{"href":"https:\/\/www.polishscience.pl\/pt-pt\/wp-json\/wp\/v2\/posts\/266016"}],"collection":[{"href":"https:\/\/www.polishscience.pl\/pt-pt\/wp-json\/wp\/v2\/posts"}],"about":[{"href":"https:\/\/www.polishscience.pl\/pt-pt\/wp-json\/wp\/v2\/types\/post"}],"author":[{"embeddable":true,"href":"https:\/\/www.polishscience.pl\/pt-pt\/wp-json\/wp\/v2\/users\/6"}],"replies":[{"embeddable":true,"href":"https:\/\/www.polishscience.pl\/pt-pt\/wp-json\/wp\/v2\/comments?post=266016"}],"version-history":[{"count":1,"href":"https:\/\/www.polishscience.pl\/pt-pt\/wp-json\/wp\/v2\/posts\/266016\/revisions"}],"predecessor-version":[{"id":266026,"href":"https:\/\/www.polishscience.pl\/pt-pt\/wp-json\/wp\/v2\/posts\/266016\/revisions\/266026"}],"wp:featuredmedia":[{"embeddable":true,"href":"https:\/\/www.polishscience.pl\/pt-pt\/wp-json\/wp\/v2\/media\/265799"}],"wp:attachment":[{"href":"https:\/\/www.polishscience.pl\/pt-pt\/wp-json\/wp\/v2\/media?parent=266016"}],"wp:term":[{"taxonomy":"category","embeddable":true,"href":"https:\/\/www.polishscience.pl\/pt-pt\/wp-json\/wp\/v2\/categories?post=266016"},{"taxonomy":"post_tag","embeddable":true,"href":"https:\/\/www.polishscience.pl\/pt-pt\/wp-json\/wp\/v2\/tags?post=266016"}],"curies":[{"name":"wp","href":"https:\/\/api.w.org\/{rel}","templated":true}]}}