{"id":265661,"date":"2023-02-09T14:00:13","date_gmt":"2023-02-09T13:00:13","guid":{"rendered":"https:\/\/polishscience.pl\/?p=265661"},"modified":"2023-02-09T14:00:22","modified_gmt":"2023-02-09T13:00:22","slug":"lubln-acolhe-encontro-da-rede-europeia-de-sacerdotes-academicos","status":"publish","type":"post","link":"https:\/\/www.polishscience.pl\/pt-pt\/lubln-acolhe-encontro-da-rede-europeia-de-sacerdotes-academicos\/","title":{"rendered":"Lubln acolhe encontro da Rede Europeia de Sacerdotes Acad\u00e9micos"},"content":{"rendered":"<p class=\"western\"><span style=\"color: #000000;\"><span style=\"font-family: Times New Roman, serif;\"><span style=\"font-size: medium;\"><span lang=\"pl-PL\"><b>De 13 a 16 de fevereiro, a Universidade Cat\u00f3lica de Lublin (KUL) receber\u00e1 representantes da rede europeia de sacerd\u00f3cios acad\u00e9micos liderados por capel\u00e3es jesu\u00edtas, JUPC (Jesuit University Pastoral Care). Al\u00e9m de representantes da Pol\u00f3nia, o evento contar\u00e1 com a participa\u00e7\u00e3o de convidados de: B\u00e9lgica, Cro\u00e1cia, Espanha, Litu\u00e2nia, Let\u00f3nia, Malta, Alemanha, Portugal, Eslov\u00e1quia, Eslov\u00e9nia e Gr\u00e3-Bretanha.<\/b><\/span><\/span><\/span><\/span><\/p>\n<p class=\"western\"><span style=\"color: #000000;\"><span style=\"font-family: Times New Roman, serif;\"><span style=\"font-size: medium;\"><span lang=\"pl-PL\">As reuni\u00f5es da JUPC s\u00e3o realizadas regularmente h\u00e1 v\u00e1rios anos, cada vez num pa\u00eds diferente. Este ano o evento ser\u00e1 realizado pela primeira vez na Pol\u00f3nia. O objetivo dos encontros \u00e9 educar e trocar experi\u00eancias sobre as melhores formas de trabalho pastoral entre os acad\u00e9micos. O encontro ser\u00e1 dedicado ao tema do apoio e acompanhamento de alunos com dificuldades afetivas e relacionais.<\/span><\/span><\/span><\/span><\/p>\n<p class=\"western\"><span style=\"color: #000000;\"><span style=\"font-family: Times New Roman, serif;\"><span style=\"font-size: medium;\"><span lang=\"pl-PL\">Al\u00e9m disso, haver\u00e1 um workshop intensivo sobre comunica\u00e7\u00e3o eficaz no contexto do trabalho pastoral, realizado pelos principais formadores e especialistas na tend\u00eancia inovadora de &#8220;comunica\u00e7\u00e3o n\u00e3o violenta&#8221; (NVC): a Dar. Beata Ho\u0142ty\u0144 e Piotr Ho\u0142ty\u0144.<\/span><\/span><\/span><\/span><\/p>\n<p class=\"western\"><span style=\"color: #000000;\"><span style=\"font-family: Times New Roman, serif;\"><span style=\"font-size: medium;\"><span lang=\"pl-PL\">Przewodnik jest online w polskiej, angielskiej, ukrai\u0144skiej i rosyjskiej wersji j\u0119zykowej: <\/span><\/span><\/span><\/span><span style=\"color: #0000ff;\"><u><span style=\"font-family: Times New Roman, serif;\"><span style=\"font-size: medium;\"><span lang=\"pl-PL\">https:\/\/wcpr.pl\/projekty-unijne\/przewodnik-dla-migrantek<\/span><\/span><\/span><\/u><\/span><\/p>\n<p class=\"western\" lang=\"pl-PL\">\n","protected":false},"excerpt":{"rendered":"<p>De 13 a 16 de fevereiro, a Universidade Cat\u00f3lica de Lublin (KUL) receber\u00e1 representantes da rede europeia de sacerd\u00f3cios acad\u00e9micos liderados por capel\u00e3es jesu\u00edtas, JUPC (Jesuit University Pastoral Care). Al\u00e9m de representantes da Pol\u00f3nia, o evento contar\u00e1 com a participa\u00e7\u00e3o de convidados de: B\u00e9lgica, Cro\u00e1cia, Espanha, Litu\u00e2nia, Let\u00f3nia, Malta, Alemanha, Portugal, Eslov\u00e1quia, Eslov\u00e9nia e Gr\u00e3-Bretanha. [&hellip;]<\/p>\n","protected":false},"author":6,"featured_media":265543,"comment_status":"closed","ping_status":"closed","sticky":false,"template":"","format":"standard","meta":[],"categories":[73],"tags":[],"_links":{"self":[{"href":"https:\/\/www.polishscience.pl\/pt-pt\/wp-json\/wp\/v2\/posts\/265661"}],"collection":[{"href":"https:\/\/www.polishscience.pl\/pt-pt\/wp-json\/wp\/v2\/posts"}],"about":[{"href":"https:\/\/www.polishscience.pl\/pt-pt\/wp-json\/wp\/v2\/types\/post"}],"author":[{"embeddable":true,"href":"https:\/\/www.polishscience.pl\/pt-pt\/wp-json\/wp\/v2\/users\/6"}],"replies":[{"embeddable":true,"href":"https:\/\/www.polishscience.pl\/pt-pt\/wp-json\/wp\/v2\/comments?post=265661"}],"version-history":[{"count":2,"href":"https:\/\/www.polishscience.pl\/pt-pt\/wp-json\/wp\/v2\/posts\/265661\/revisions"}],"predecessor-version":[{"id":265664,"href":"https:\/\/www.polishscience.pl\/pt-pt\/wp-json\/wp\/v2\/posts\/265661\/revisions\/265664"}],"wp:featuredmedia":[{"embeddable":true,"href":"https:\/\/www.polishscience.pl\/pt-pt\/wp-json\/wp\/v2\/media\/265543"}],"wp:attachment":[{"href":"https:\/\/www.polishscience.pl\/pt-pt\/wp-json\/wp\/v2\/media?parent=265661"}],"wp:term":[{"taxonomy":"category","embeddable":true,"href":"https:\/\/www.polishscience.pl\/pt-pt\/wp-json\/wp\/v2\/categories?post=265661"},{"taxonomy":"post_tag","embeddable":true,"href":"https:\/\/www.polishscience.pl\/pt-pt\/wp-json\/wp\/v2\/tags?post=265661"}],"curies":[{"name":"wp","href":"https:\/\/api.w.org\/{rel}","templated":true}]}}