{"id":265486,"date":"2023-02-08T18:13:39","date_gmt":"2023-02-08T17:13:39","guid":{"rendered":"https:\/\/polishscience.pl\/?p=265486"},"modified":"2023-02-08T18:13:39","modified_gmt":"2023-02-08T17:13:39","slug":"xxxi-conferencia-da-associacao-de-professores-de-matematica-manufactura-de-matematica","status":"publish","type":"post","link":"https:\/\/www.polishscience.pl\/pt-pt\/xxxi-conferencia-da-associacao-de-professores-de-matematica-manufactura-de-matematica\/","title":{"rendered":"XXXI Confer\u00eancia da Associa\u00e7\u00e3o de Professores de Matem\u00e1tica \u2013 Manufactura de Matem\u00e1tica"},"content":{"rendered":"<p class=\"western\" lang=\"zxx\"><span style=\"font-family: Times New Roman, serif;\"><span style=\"font-size: medium;\"><b>De 10 a 13 de fevereiro, a Universidade Tecnol\u00f3gica de L\u00f3d\u017a (P\u0141) sediar\u00e1 a 31.\u00aa Confer\u00eancia da Associa\u00e7\u00e3o de Professores de Matem\u00e1tica \u2013 Manufactura de Matem\u00e1tica, durante a qual matem\u00e1ticos de toda a Pol\u00f3nia discutir\u00e3o educa\u00e7\u00e3o, trocar\u00e3o opini\u00f5es sobre m\u00e9todos de ensino e compartilhar\u00e3o boas pr\u00e1ticas em educa\u00e7\u00e3o.<\/b><\/span><\/span><\/p>\n<p class=\"western\" lang=\"zxx\"><span style=\"font-family: Times New Roman, serif;\"><span style=\"font-size: medium;\">O evento ser\u00e1 aberto na sexta-feira, 10 de fevereiro, na Aula Alchemium da P\u0141, com a palestra &#8220;Matem\u00e1tica, intelig\u00eancia artificial e c\u00e9rebros&#8221; do Prof. Wodzis\u0142aw Duch da Universidade Nicolau Cop\u00e9rnico de Toru\u0144.<\/span><\/span><\/p>\n<p class=\"western\" lang=\"zxx\"><span style=\"font-family: Times New Roman, serif;\"><span style=\"font-size: medium;\">Durante a confer\u00eancia, os organizadores pretendem iniciar uma discuss\u00e3o sobre educa\u00e7\u00e3o na \u00e1rea da matem\u00e1tica.<\/span><\/span><\/p>\n<p class=\"western\" lang=\"zxx\"><span style=\"font-family: Times New Roman, serif;\"><span style=\"font-size: medium;\">&#8220;Gostar\u00edamos de dar aos professores informa\u00e7\u00f5es sobre o que achamos que n\u00e3o est\u00e1 inclu\u00eddo nas aulas de matem\u00e1tica e quais compet\u00eancias esperamos dos alunos. Por outro lado, gostar\u00edamos que os nossos professores soubessem o que est\u00e1 a acontecer na \u00e1rea de matem\u00e1tica nos primeiros est\u00e1gios da educa\u00e7\u00e3o, porque \u00e0s vezes me parece haver grandes discrep\u00e2ncias&#8221;, diz a Dra. Eng. Ewa Korzeniewska, vice-reitora de Assuntos Estudantis da P\u0141.<\/span><\/span><\/p>\n<p class=\"western\" lang=\"zxx\">\n<p class=\"western\" lang=\"zxx\">\n","protected":false},"excerpt":{"rendered":"<p>De 10 a 13 de fevereiro, a Universidade Tecnol\u00f3gica de L\u00f3d\u017a (P\u0141) sediar\u00e1 a 31.\u00aa Confer\u00eancia da Associa\u00e7\u00e3o de Professores de Matem\u00e1tica \u2013 Manufactura de Matem\u00e1tica, durante a qual matem\u00e1ticos de toda a Pol\u00f3nia discutir\u00e3o educa\u00e7\u00e3o, trocar\u00e3o opini\u00f5es sobre m\u00e9todos de ensino e compartilhar\u00e3o boas pr\u00e1ticas em educa\u00e7\u00e3o. O evento ser\u00e1 aberto na sexta-feira, 10 [&hellip;]<\/p>\n","protected":false},"author":6,"featured_media":265223,"comment_status":"closed","ping_status":"closed","sticky":false,"template":"","format":"standard","meta":[],"categories":[73],"tags":[],"_links":{"self":[{"href":"https:\/\/www.polishscience.pl\/pt-pt\/wp-json\/wp\/v2\/posts\/265486"}],"collection":[{"href":"https:\/\/www.polishscience.pl\/pt-pt\/wp-json\/wp\/v2\/posts"}],"about":[{"href":"https:\/\/www.polishscience.pl\/pt-pt\/wp-json\/wp\/v2\/types\/post"}],"author":[{"embeddable":true,"href":"https:\/\/www.polishscience.pl\/pt-pt\/wp-json\/wp\/v2\/users\/6"}],"replies":[{"embeddable":true,"href":"https:\/\/www.polishscience.pl\/pt-pt\/wp-json\/wp\/v2\/comments?post=265486"}],"version-history":[{"count":1,"href":"https:\/\/www.polishscience.pl\/pt-pt\/wp-json\/wp\/v2\/posts\/265486\/revisions"}],"predecessor-version":[{"id":265496,"href":"https:\/\/www.polishscience.pl\/pt-pt\/wp-json\/wp\/v2\/posts\/265486\/revisions\/265496"}],"wp:featuredmedia":[{"embeddable":true,"href":"https:\/\/www.polishscience.pl\/pt-pt\/wp-json\/wp\/v2\/media\/265223"}],"wp:attachment":[{"href":"https:\/\/www.polishscience.pl\/pt-pt\/wp-json\/wp\/v2\/media?parent=265486"}],"wp:term":[{"taxonomy":"category","embeddable":true,"href":"https:\/\/www.polishscience.pl\/pt-pt\/wp-json\/wp\/v2\/categories?post=265486"},{"taxonomy":"post_tag","embeddable":true,"href":"https:\/\/www.polishscience.pl\/pt-pt\/wp-json\/wp\/v2\/tags?post=265486"}],"curies":[{"name":"wp","href":"https:\/\/api.w.org\/{rel}","templated":true}]}}