{"id":265183,"date":"2023-02-07T18:42:45","date_gmt":"2023-02-07T17:42:45","guid":{"rendered":"https:\/\/polishscience.pl\/?p=265183"},"modified":"2023-02-07T18:42:51","modified_gmt":"2023-02-07T17:42:51","slug":"por-que-ainda-estamos-interessados-em-nicolau-copernico-palestra-do-prof-michal-kokowski","status":"publish","type":"post","link":"https:\/\/www.polishscience.pl\/pt-pt\/por-que-ainda-estamos-interessados-em-nicolau-copernico-palestra-do-prof-michal-kokowski\/","title":{"rendered":"Por que ainda estamos interessados \u200b\u200bem Nicolau Cop\u00e9rnico? Palestra do Prof. Micha\u0142 Kokowski"},"content":{"rendered":"<p class=\"western\" lang=\"zxx\"><span style=\"font-family: Times New Roman, serif;\"><span style=\"font-size: medium;\"><b>No dia 16 de fevereiro de 2023, a Academia Polaca de Artes e Ci\u00eancias receber\u00e1 uma palestra do Prof. Micha\u0142 Kokowski por ocasi\u00e3o do 550.\u00ba anivers\u00e1rio do nascimento de Nicolau Cop\u00e9rnico e do 150.\u00ba anivers\u00e1rio da primeira reuni\u00e3o p\u00fablica da Academia. O encontro faz parte das comemora\u00e7\u00f5es do Ano Nicolau Cop\u00e9rnico em Crac\u00f3via.<\/b><\/span><\/span><\/p>\n<p class=\"western\" lang=\"zxx\"><span style=\"font-family: Times New Roman, serif;\"><span style=\"font-size: medium;\">O Prof. Micha\u0142 Kokowski \u00e9 especialista em hist\u00f3ria e filosofia da ci\u00eancia, estudando a rela\u00e7\u00e3o entre essas disciplinas com filosofia, religi\u00e3o e teologia, artes pl\u00e1sticas e tecnologia.<\/span><\/span><\/p>\n<p class=\"western\" lang=\"zxx\"><span style=\"font-family: Times New Roman, serif;\"><span style=\"font-size: medium;\">Ele analisou, entre outros, as realiza\u00e7\u00f5es de W\u0142adys\u0142aw Natanson, Thomas S. Kuhn e Nicholau Cop\u00e9rnico. Como \u00fanico pesquisador na Pol\u00f3nia at\u00e9 agora, obteve o grau de doutor (1997) e doutor habilitado (2005) em pesquisa copernicana.<\/span><\/span><\/p>\n<p class=\"western\" lang=\"zxx\"><span style=\"font-family: Times New Roman, serif;\"><span style=\"font-size: medium;\">Como disse em entrevista \u00e0 PAP (Polska Agencja Prasowa), Cop\u00e9rnico foi um \u201chomem brilhante, indiscutivelmente brilhante, e at\u00e9 hoje desperta paix\u00e3o nas pessoas, porque isso resulta do facto de ter mudado a imagem do mundo\u201d.<\/span><\/span><\/p>\n","protected":false},"excerpt":{"rendered":"<p>No dia 16 de fevereiro de 2023, a Academia Polaca de Artes e Ci\u00eancias receber\u00e1 uma palestra do Prof. Micha\u0142 Kokowski por ocasi\u00e3o do 550.\u00ba anivers\u00e1rio do nascimento de Nicolau Cop\u00e9rnico e do 150.\u00ba anivers\u00e1rio da primeira reuni\u00e3o p\u00fablica da Academia. O encontro faz parte das comemora\u00e7\u00f5es do Ano Nicolau Cop\u00e9rnico em Crac\u00f3via. O Prof. [&hellip;]<\/p>\n","protected":false},"author":6,"featured_media":264986,"comment_status":"closed","ping_status":"closed","sticky":false,"template":"","format":"standard","meta":[],"categories":[73],"tags":[],"_links":{"self":[{"href":"https:\/\/www.polishscience.pl\/pt-pt\/wp-json\/wp\/v2\/posts\/265183"}],"collection":[{"href":"https:\/\/www.polishscience.pl\/pt-pt\/wp-json\/wp\/v2\/posts"}],"about":[{"href":"https:\/\/www.polishscience.pl\/pt-pt\/wp-json\/wp\/v2\/types\/post"}],"author":[{"embeddable":true,"href":"https:\/\/www.polishscience.pl\/pt-pt\/wp-json\/wp\/v2\/users\/6"}],"replies":[{"embeddable":true,"href":"https:\/\/www.polishscience.pl\/pt-pt\/wp-json\/wp\/v2\/comments?post=265183"}],"version-history":[{"count":2,"href":"https:\/\/www.polishscience.pl\/pt-pt\/wp-json\/wp\/v2\/posts\/265183\/revisions"}],"predecessor-version":[{"id":265195,"href":"https:\/\/www.polishscience.pl\/pt-pt\/wp-json\/wp\/v2\/posts\/265183\/revisions\/265195"}],"wp:featuredmedia":[{"embeddable":true,"href":"https:\/\/www.polishscience.pl\/pt-pt\/wp-json\/wp\/v2\/media\/264986"}],"wp:attachment":[{"href":"https:\/\/www.polishscience.pl\/pt-pt\/wp-json\/wp\/v2\/media?parent=265183"}],"wp:term":[{"taxonomy":"category","embeddable":true,"href":"https:\/\/www.polishscience.pl\/pt-pt\/wp-json\/wp\/v2\/categories?post=265183"},{"taxonomy":"post_tag","embeddable":true,"href":"https:\/\/www.polishscience.pl\/pt-pt\/wp-json\/wp\/v2\/tags?post=265183"}],"curies":[{"name":"wp","href":"https:\/\/api.w.org\/{rel}","templated":true}]}}