{"id":264920,"date":"2023-02-06T18:13:16","date_gmt":"2023-02-06T17:13:16","guid":{"rendered":"https:\/\/polishscience.pl\/?p=264920"},"modified":"2023-02-06T18:13:16","modified_gmt":"2023-02-06T17:13:16","slug":"este-ano-o-festival-de-ciencia-e-arte-de-poznan-durara-6-dias","status":"publish","type":"post","link":"https:\/\/www.polishscience.pl\/pt-pt\/este-ano-o-festival-de-ciencia-e-arte-de-poznan-durara-6-dias\/","title":{"rendered":"Este ano o Festival de Ci\u00eancia e Arte de Pozna\u0144 durar\u00e1 6 dias"},"content":{"rendered":"<p class=\"western\"><b><span style=\"font-family: Times New Roman, serif;\"><span style=\"font-size: medium;\"><span lang=\"zxx\">A edi\u00e7\u00e3o deste ano do Festival de Ci\u00eancia e Arte de Pozna\u0144 durar\u00e1 6 dias e consistir\u00e1 em mais de 450 eventos, principalmente estacion\u00e1rios. O festival come\u00e7ar\u00e1 no dia15 de maio com uma cerim\u00f3nia na filial da Academia Polaca de Ci\u00eancias em Pozna\u0144.<\/span><\/span><\/span><\/b><\/p>\n<p class=\"western\"><span style=\"font-family: Times New Roman, serif;\"><span style=\"font-size: medium;\"><span lang=\"zxx\">A ess\u00eancia do aprendizado e da descoberta da ci\u00eancia e da arte \u00e9 a experi\u00eancia e a experimenta\u00e7\u00e3o direta e pessoal. Queremos que os eventos propostos pelo Festival sejam um impulso para tirar por um momento a cabe\u00e7a dos grossos livros did\u00e1ticos e buscar a ci\u00eancia l\u00e1 fora, no seu natural ambiente, informa a Universidade Adam Mickiewicz.<\/span><\/span><\/span><\/p>\n<p class=\"western\"><span style=\"font-family: Times New Roman, serif;\"><span style=\"font-size: medium;\"><span lang=\"zxx\">Os organizadores do festival prometem que os workshops, apresenta\u00e7\u00f5es, experimentos, viagens, jogos, discuss\u00f5es e muitas outras formas de compartir conhecimento se tornar\u00e3o um interessante complemento tem\u00e1tico das aulas e uma oportunidade de tocar, de forma quase tang\u00edvel, a ci\u00eancia viva. O ponto culminante do evento ser\u00e1 o concerto final no audit\u00f3rio da Academia de M\u00fasica de Pozna\u0144.<\/span><\/span><\/span><\/p>\n<p class=\"western\">\n<p class=\"western\"><span style=\"font-family: Times New Roman, serif;\"><span style=\"font-size: medium;\"><span lang=\"zxx\">Mais: <a href=\"https:\/\/amu.edu.pl\/wiadomosci\/aktualnosci\/szkoly\/poznanski-festiwal-nauki-i-sztuki\">https:\/\/amu.edu.pl\/wiadomosci\/aktualnosci\/szkoly\/poznanski-festiwal-nauki-i-sztuki<\/a><\/span><\/span><\/span><\/p>\n<p class=\"western\">\n","protected":false},"excerpt":{"rendered":"<p>A edi\u00e7\u00e3o deste ano do Festival de Ci\u00eancia e Arte de Pozna\u0144 durar\u00e1 6 dias e consistir\u00e1 em mais de 450 eventos, principalmente estacion\u00e1rios. O festival come\u00e7ar\u00e1 no dia15 de maio com uma cerim\u00f3nia na filial da Academia Polaca de Ci\u00eancias em Pozna\u0144. A ess\u00eancia do aprendizado e da descoberta da ci\u00eancia e da arte [&hellip;]<\/p>\n","protected":false},"author":6,"featured_media":264754,"comment_status":"closed","ping_status":"closed","sticky":false,"template":"","format":"standard","meta":[],"categories":[73],"tags":[],"_links":{"self":[{"href":"https:\/\/www.polishscience.pl\/pt-pt\/wp-json\/wp\/v2\/posts\/264920"}],"collection":[{"href":"https:\/\/www.polishscience.pl\/pt-pt\/wp-json\/wp\/v2\/posts"}],"about":[{"href":"https:\/\/www.polishscience.pl\/pt-pt\/wp-json\/wp\/v2\/types\/post"}],"author":[{"embeddable":true,"href":"https:\/\/www.polishscience.pl\/pt-pt\/wp-json\/wp\/v2\/users\/6"}],"replies":[{"embeddable":true,"href":"https:\/\/www.polishscience.pl\/pt-pt\/wp-json\/wp\/v2\/comments?post=264920"}],"version-history":[{"count":1,"href":"https:\/\/www.polishscience.pl\/pt-pt\/wp-json\/wp\/v2\/posts\/264920\/revisions"}],"predecessor-version":[{"id":264932,"href":"https:\/\/www.polishscience.pl\/pt-pt\/wp-json\/wp\/v2\/posts\/264920\/revisions\/264932"}],"wp:featuredmedia":[{"embeddable":true,"href":"https:\/\/www.polishscience.pl\/pt-pt\/wp-json\/wp\/v2\/media\/264754"}],"wp:attachment":[{"href":"https:\/\/www.polishscience.pl\/pt-pt\/wp-json\/wp\/v2\/media?parent=264920"}],"wp:term":[{"taxonomy":"category","embeddable":true,"href":"https:\/\/www.polishscience.pl\/pt-pt\/wp-json\/wp\/v2\/categories?post=264920"},{"taxonomy":"post_tag","embeddable":true,"href":"https:\/\/www.polishscience.pl\/pt-pt\/wp-json\/wp\/v2\/tags?post=264920"}],"curies":[{"name":"wp","href":"https:\/\/api.w.org\/{rel}","templated":true}]}}