{"id":263824,"date":"2023-01-31T15:50:14","date_gmt":"2023-01-31T14:50:14","guid":{"rendered":"https:\/\/polishscience.pl\/?p=263824"},"modified":"2023-01-31T15:50:14","modified_gmt":"2023-01-31T14:50:14","slug":"presidencias-do-krasp-e-do-pan-se-reuniram-com-o-ministro-przemyslaw-czarnek","status":"publish","type":"post","link":"https:\/\/www.polishscience.pl\/pt-pt\/presidencias-do-krasp-e-do-pan-se-reuniram-com-o-ministro-przemyslaw-czarnek\/","title":{"rendered":"Presid\u00eancias do KRASP e do PAN se reuniram com o ministro Przemys\u0142aw Czarnek"},"content":{"rendered":"<p class=\"western\" lang=\"zxx\"><span style=\"font-family: Times New Roman, serif;\"><span style=\"font-size: medium;\"><b>O Ministro da Educa\u00e7\u00e3o e Ci\u00eancia, Przemys\u0142aw Czarnek, reuniu-se com representantes das presid\u00eancias da Confer\u00eancia Polaca dos Reitores das Escolas Acad\u00e9micas (KRASP) e da Academia Polaca das Ci\u00eancias (PAN) para discutir o futuro modelo de avalia\u00e7\u00e3o da qualidade da atividade cient\u00edfica em Pol\u00f3nia, o financiamento do acesso a bases de dados de revistas e a altera\u00e7\u00e3o da Lei do Ensino Superior e Ci\u00eancia.<\/b><\/span><\/span><\/p>\n<p class=\"western\" lang=\"zxx\"><span style=\"font-family: Times New Roman, serif;\"><span style=\"font-size: medium;\">Durante a reuni\u00e3o, o chefe do Minist\u00e9rio da Ci\u00eancia anunciou que a Lei que Altera a Lei do Ensino Superior e Ci\u00eancia, bem como algumas outras leis, foram submetidas ao Presidente da Pol\u00f3nia.<\/span><\/span><\/p>\n<p class=\"western\" lang=\"zxx\"><span style=\"font-family: Times New Roman, serif;\"><span style=\"font-size: medium;\">A altera\u00e7\u00e3o prende-se com a entrada em vigor do Regulamento do Ministro da Educa\u00e7\u00e3o e Ci\u00eancia, de 11 de outubro de 2022, relativo aos dom\u00ednios das ci\u00eancias e das disciplinas cient\u00edficas e art\u00edsticas, incluindo as quest\u00f5es de: atribui\u00e7\u00e3o do direito \u00e0 atribui\u00e7\u00e3o dos t\u00edtulos de m\u00e9dico e m\u00e9dico autorizado e estabelecer escolas de doutorado em caso de separa\u00e7\u00e3o de uma nova disciplina; as regras de concess\u00e3o do t\u00edtulo de doutor, do t\u00edtulo de doutor autorizado e do t\u00edtulo de professor em caso de inclus\u00e3o de disciplina em outra ou em outras disciplinas.<\/span><\/span><\/p>\n","protected":false},"excerpt":{"rendered":"<p>O Ministro da Educa\u00e7\u00e3o e Ci\u00eancia, Przemys\u0142aw Czarnek, reuniu-se com representantes das presid\u00eancias da Confer\u00eancia Polaca dos Reitores das Escolas Acad\u00e9micas (KRASP) e da Academia Polaca das Ci\u00eancias (PAN) para discutir o futuro modelo de avalia\u00e7\u00e3o da qualidade da atividade cient\u00edfica em Pol\u00f3nia, o financiamento do acesso a bases de dados de revistas e a [&hellip;]<\/p>\n","protected":false},"author":6,"featured_media":263652,"comment_status":"closed","ping_status":"closed","sticky":false,"template":"","format":"standard","meta":[],"categories":[73],"tags":[],"_links":{"self":[{"href":"https:\/\/www.polishscience.pl\/pt-pt\/wp-json\/wp\/v2\/posts\/263824"}],"collection":[{"href":"https:\/\/www.polishscience.pl\/pt-pt\/wp-json\/wp\/v2\/posts"}],"about":[{"href":"https:\/\/www.polishscience.pl\/pt-pt\/wp-json\/wp\/v2\/types\/post"}],"author":[{"embeddable":true,"href":"https:\/\/www.polishscience.pl\/pt-pt\/wp-json\/wp\/v2\/users\/6"}],"replies":[{"embeddable":true,"href":"https:\/\/www.polishscience.pl\/pt-pt\/wp-json\/wp\/v2\/comments?post=263824"}],"version-history":[{"count":1,"href":"https:\/\/www.polishscience.pl\/pt-pt\/wp-json\/wp\/v2\/posts\/263824\/revisions"}],"predecessor-version":[{"id":263832,"href":"https:\/\/www.polishscience.pl\/pt-pt\/wp-json\/wp\/v2\/posts\/263824\/revisions\/263832"}],"wp:featuredmedia":[{"embeddable":true,"href":"https:\/\/www.polishscience.pl\/pt-pt\/wp-json\/wp\/v2\/media\/263652"}],"wp:attachment":[{"href":"https:\/\/www.polishscience.pl\/pt-pt\/wp-json\/wp\/v2\/media?parent=263824"}],"wp:term":[{"taxonomy":"category","embeddable":true,"href":"https:\/\/www.polishscience.pl\/pt-pt\/wp-json\/wp\/v2\/categories?post=263824"},{"taxonomy":"post_tag","embeddable":true,"href":"https:\/\/www.polishscience.pl\/pt-pt\/wp-json\/wp\/v2\/tags?post=263824"}],"curies":[{"name":"wp","href":"https:\/\/api.w.org\/{rel}","templated":true}]}}