{"id":263623,"date":"2023-01-30T20:09:44","date_gmt":"2023-01-30T19:09:44","guid":{"rendered":"https:\/\/polishscience.pl\/?p=263623"},"modified":"2023-01-30T20:09:44","modified_gmt":"2023-01-30T19:09:44","slug":"dia-mundial-das-zonas-humidas","status":"publish","type":"post","link":"https:\/\/www.polishscience.pl\/pt-pt\/dia-mundial-das-zonas-humidas\/","title":{"rendered":"Dia Mundial das Zonas H\u00famidas"},"content":{"rendered":"<p class=\"western\"><span style=\"font-family: Times New Roman, serif;\"><span style=\"font-size: medium;\"><b><span style=\"color: #000000;\"><span lang=\"pl-PL\">No dia 3 de fevereiro de 2023, a Faculdade de Ci\u00eancias da Terra e Gest\u00e3o Espacial da Universidade Maria Curie-Sk\u0142odowska (UMCS) em Lublin acolher\u00e1 as comemora\u00e7\u00f5es do Dia Mundial das Zonas H\u00famidas. A sexta edi\u00e7\u00e3o do evento, cujo mote \u00e9 \u201c\u00c9 tempo de restaurar as zonas h\u00famidas\u201d \u00e9 composta por duas partes: uma de divulga\u00e7\u00e3o cient\u00edfica e outra cient\u00edfica.<\/span><\/span><\/b><\/span><\/span><\/p>\n<p class=\"western\"><span style=\"font-family: Times New Roman, serif;\"><span style=\"font-size: medium;\"><span style=\"color: #000000;\"><span lang=\"pl-PL\">A parte de divulga\u00e7\u00e3o cient\u00edfica, que inclui 3 confer\u00eancias, 13 workshops tem\u00e1ticos, exposi\u00e7\u00f5es de pintura e fotografia, destina-se sobretudo a alunos do ensino secund\u00e1rio e a todos os interessados \u200b\u200bna tem\u00e1tica das zonas h\u00famidas.<\/span><\/span><\/span><\/span><\/p>\n<p class=\"western\"><span style=\"font-family: Times New Roman, serif;\"><span style=\"font-size: medium;\"><span style=\"color: #000000;\"><span lang=\"pl-PL\">A parte cient\u00edfica incluir\u00e1 conversas com especialistas: cientistas e profissionais, sobre projetos em curso e conclu\u00eddos, bem como sobre os valores naturais das zonas h\u00famidas, a prote\u00e7\u00e3o de esp\u00e9cies e habitats, a coopera\u00e7\u00e3o transfronteiri\u00e7a ou o impacto das altera\u00e7\u00f5es clim\u00e1ticas na avifauna.<\/span><\/span><\/span><\/span><\/p>\n<p class=\"western\">\n","protected":false},"excerpt":{"rendered":"<p>No dia 3 de fevereiro de 2023, a Faculdade de Ci\u00eancias da Terra e Gest\u00e3o Espacial da Universidade Maria Curie-Sk\u0142odowska (UMCS) em Lublin acolher\u00e1 as comemora\u00e7\u00f5es do Dia Mundial das Zonas H\u00famidas. A sexta edi\u00e7\u00e3o do evento, cujo mote \u00e9 \u201c\u00c9 tempo de restaurar as zonas h\u00famidas\u201d \u00e9 composta por duas partes: uma de divulga\u00e7\u00e3o [&hellip;]<\/p>\n","protected":false},"author":6,"featured_media":263408,"comment_status":"closed","ping_status":"closed","sticky":false,"template":"","format":"standard","meta":[],"categories":[73],"tags":[],"_links":{"self":[{"href":"https:\/\/www.polishscience.pl\/pt-pt\/wp-json\/wp\/v2\/posts\/263623"}],"collection":[{"href":"https:\/\/www.polishscience.pl\/pt-pt\/wp-json\/wp\/v2\/posts"}],"about":[{"href":"https:\/\/www.polishscience.pl\/pt-pt\/wp-json\/wp\/v2\/types\/post"}],"author":[{"embeddable":true,"href":"https:\/\/www.polishscience.pl\/pt-pt\/wp-json\/wp\/v2\/users\/6"}],"replies":[{"embeddable":true,"href":"https:\/\/www.polishscience.pl\/pt-pt\/wp-json\/wp\/v2\/comments?post=263623"}],"version-history":[{"count":1,"href":"https:\/\/www.polishscience.pl\/pt-pt\/wp-json\/wp\/v2\/posts\/263623\/revisions"}],"predecessor-version":[{"id":263631,"href":"https:\/\/www.polishscience.pl\/pt-pt\/wp-json\/wp\/v2\/posts\/263623\/revisions\/263631"}],"wp:featuredmedia":[{"embeddable":true,"href":"https:\/\/www.polishscience.pl\/pt-pt\/wp-json\/wp\/v2\/media\/263408"}],"wp:attachment":[{"href":"https:\/\/www.polishscience.pl\/pt-pt\/wp-json\/wp\/v2\/media?parent=263623"}],"wp:term":[{"taxonomy":"category","embeddable":true,"href":"https:\/\/www.polishscience.pl\/pt-pt\/wp-json\/wp\/v2\/categories?post=263623"},{"taxonomy":"post_tag","embeddable":true,"href":"https:\/\/www.polishscience.pl\/pt-pt\/wp-json\/wp\/v2\/tags?post=263623"}],"curies":[{"name":"wp","href":"https:\/\/api.w.org\/{rel}","templated":true}]}}