{"id":262921,"date":"2023-01-25T17:15:27","date_gmt":"2023-01-25T16:15:27","guid":{"rendered":"https:\/\/polishscience.pl\/?p=262921"},"modified":"2023-01-25T17:15:27","modified_gmt":"2023-01-25T16:15:27","slug":"conferencia-copernico-em-cracovia-cracovia-para-copernico-abre-o-ano-copernico","status":"publish","type":"post","link":"https:\/\/www.polishscience.pl\/pt-pt\/conferencia-copernico-em-cracovia-cracovia-para-copernico-abre-o-ano-copernico\/","title":{"rendered":"Confer\u00eancia &#8220;Cop\u00e9rnico em Crac\u00f3via. Crac\u00f3via para Cop\u00e9rnico&#8221; abre o Ano Cop\u00e9rnico"},"content":{"rendered":"<p class=\"western\" lang=\"zxx\"><span style=\"font-family: Times New Roman, serif;\"><span style=\"font-size: medium;\"><b>No dia 26 de janeiro, o Prof. Aleksander B. Skotnicki far\u00e1 uma palestra que abrir\u00e1 as comemora\u00e7\u00f5es do Ano Nicolau Cop\u00e9rnico em Crac\u00f3via, organizado por ocasi\u00e3o do 550.\u00ba anivers\u00e1rio do nascimento deste proeminente astr\u00f3nomo polaco.<\/b><\/span><\/span><\/p>\n<p class=\"western\" lang=\"zxx\"><span style=\"font-family: Times New Roman, serif;\"><span style=\"font-size: medium;\">O Prof. Skotnicki, durante o encontro na Libraria Collegium Maius da Universidade Jaguel\u00f4nica (UJ), apresentar\u00e1 a hist\u00f3ria do monumento em homenagem ao aluno mais famoso da UJ.<\/span><\/span><\/p>\n<p class=\"western\" lang=\"zxx\"><span style=\"font-family: Times New Roman, serif;\"><span style=\"font-size: medium;\">Na primavera de 1893, as autoridades da UJ se esfor\u00e7aram para obter fundos para Jan Matejko pintar tr\u00eas quadros que iriam decorar o sal\u00e3o do Collegium Novum. Em setembro, o governo de Viena alocou 30.000 zl\u00f3tis para esse fim. Infelizmente, Matejko morreu em novembro de 1893. O ent\u00e3o chefe do Departamento de Hist\u00f3ria da Arte, o Prof. Marian Soko\u0142owski, prop\u00f4s ao Senado da UJ destinar parte desses recursos ao monumento a Cop\u00e9rnico, que seria erguido no p\u00e1tio do Collegium Maius por ocasi\u00e3o da celebra\u00e7\u00e3o do 500.\u00ba anivers\u00e1rio da renova\u00e7\u00e3o da Academia de Crac\u00f3via.<\/span><\/span><\/p>\n<p class=\"western\" lang=\"zxx\"><span style=\"font-family: Times New Roman, serif;\"><span style=\"font-size: medium;\">Um monumento a Cop\u00e9rnico, projetado por Cyprian Godebski, foi criado em 1899 e, em 8 de junho de 1900, foi solenemente inaugurado no p\u00e1tio da UJ. <\/span><\/span><\/p>\n<p class=\"western\" lang=\"zxx\">\n","protected":false},"excerpt":{"rendered":"<p>No dia 26 de janeiro, o Prof. Aleksander B. Skotnicki far\u00e1 uma palestra que abrir\u00e1 as comemora\u00e7\u00f5es do Ano Nicolau Cop\u00e9rnico em Crac\u00f3via, organizado por ocasi\u00e3o do 550.\u00ba anivers\u00e1rio do nascimento deste proeminente astr\u00f3nomo polaco. O Prof. Skotnicki, durante o encontro na Libraria Collegium Maius da Universidade Jaguel\u00f4nica (UJ), apresentar\u00e1 a hist\u00f3ria do monumento em [&hellip;]<\/p>\n","protected":false},"author":6,"featured_media":262695,"comment_status":"closed","ping_status":"closed","sticky":false,"template":"","format":"standard","meta":[],"categories":[73],"tags":[],"_links":{"self":[{"href":"https:\/\/www.polishscience.pl\/pt-pt\/wp-json\/wp\/v2\/posts\/262921"}],"collection":[{"href":"https:\/\/www.polishscience.pl\/pt-pt\/wp-json\/wp\/v2\/posts"}],"about":[{"href":"https:\/\/www.polishscience.pl\/pt-pt\/wp-json\/wp\/v2\/types\/post"}],"author":[{"embeddable":true,"href":"https:\/\/www.polishscience.pl\/pt-pt\/wp-json\/wp\/v2\/users\/6"}],"replies":[{"embeddable":true,"href":"https:\/\/www.polishscience.pl\/pt-pt\/wp-json\/wp\/v2\/comments?post=262921"}],"version-history":[{"count":1,"href":"https:\/\/www.polishscience.pl\/pt-pt\/wp-json\/wp\/v2\/posts\/262921\/revisions"}],"predecessor-version":[{"id":262931,"href":"https:\/\/www.polishscience.pl\/pt-pt\/wp-json\/wp\/v2\/posts\/262921\/revisions\/262931"}],"wp:featuredmedia":[{"embeddable":true,"href":"https:\/\/www.polishscience.pl\/pt-pt\/wp-json\/wp\/v2\/media\/262695"}],"wp:attachment":[{"href":"https:\/\/www.polishscience.pl\/pt-pt\/wp-json\/wp\/v2\/media?parent=262921"}],"wp:term":[{"taxonomy":"category","embeddable":true,"href":"https:\/\/www.polishscience.pl\/pt-pt\/wp-json\/wp\/v2\/categories?post=262921"},{"taxonomy":"post_tag","embeddable":true,"href":"https:\/\/www.polishscience.pl\/pt-pt\/wp-json\/wp\/v2\/tags?post=262921"}],"curies":[{"name":"wp","href":"https:\/\/api.w.org\/{rel}","templated":true}]}}