{"id":261148,"date":"2023-01-17T15:19:49","date_gmt":"2023-01-17T14:19:49","guid":{"rendered":"https:\/\/polishscience.pl\/?p=261148"},"modified":"2023-01-17T15:19:49","modified_gmt":"2023-01-17T14:19:49","slug":"jornada-do-judaismo-na-arquidiocese-de-lublin","status":"publish","type":"post","link":"https:\/\/www.polishscience.pl\/pt-pt\/jornada-do-judaismo-na-arquidiocese-de-lublin\/","title":{"rendered":"Jornada do Juda\u00edsmo na Arquidiocese de Lublin"},"content":{"rendered":"<p class=\"western\" lang=\"zxx\"><span style=\"color: #000000;\"><span style=\"font-family: Times New Roman, serif;\"><span style=\"font-size: medium;\"><b>Nesta quarta-feira, 18 de janeiro de 2023, ter\u00e3o in\u00edcio as celebra\u00e7\u00f5es do Dia do Juda\u00edsmo, evento organizado pelo Centro Arquidiocesano para o Di\u00e1logo entre Cat\u00f3licos e Judeus e pelo Centro de Rela\u00e7\u00f5es Cat\u00f3lico-Judaicas Abraham J. Heschel da Universidade Cat\u00f3lica de Lublin (KUL).<\/b><\/span><\/span><\/span><\/p>\n<p class=\"western\" lang=\"zxx\"><span style=\"color: #000000;\"><span style=\"font-family: Times New Roman, serif;\"><span style=\"font-size: medium;\">&#8220;Precisamos do Dia do Juda\u00edsmo, porque nos permite descobrir as ra\u00edzes judaicas da religi\u00e3o crist\u00e3, podemos estabelecer um di\u00e1logo comum, podemos orar, podemos descobrir juntos a riqueza das nossas religi\u00f5es e juntos resolver os problemas do mundo moderno&#8221;, enfatizou o Prof. Miros\u0142aw Wr\u00f3bel, diretor do Centro de Rela\u00e7\u00f5es Cat\u00f3lico-Judaicas Abraham J. Heschel da KUL.<\/span><\/span><\/span><\/p>\n<p class=\"western\" lang=\"zxx\"><span style=\"color: #000000;\"><span style=\"font-family: Times New Roman, serif;\"><span style=\"font-size: medium;\">O encontro come\u00e7ar\u00e1 com o canto &#8220;Shema Israel&#8221;, seguido da leitura da Tor\u00e1 e dos Evangelhos, e dois coment\u00e1rios, um judaico e outro cat\u00f3lico. O rabino Icchak Rapoport da Comunidade Religiosa Judaica de Vars\u00f3via falar\u00e1 sobre a celebra\u00e7\u00e3o judaica da P\u00e1scoa, enquanto o Pe. Miros\u0142aw Bielecki da Fogueira de Luz e Amor em \u0141opoczno apresentar\u00e1 a P\u00e1scoa em termos crist\u00e3os. <\/span><\/span><\/span><\/p>\n<p class=\"western\" lang=\"zxx\">\n","protected":false},"excerpt":{"rendered":"<p>Nesta quarta-feira, 18 de janeiro de 2023, ter\u00e3o in\u00edcio as celebra\u00e7\u00f5es do Dia do Juda\u00edsmo, evento organizado pelo Centro Arquidiocesano para o Di\u00e1logo entre Cat\u00f3licos e Judeus e pelo Centro de Rela\u00e7\u00f5es Cat\u00f3lico-Judaicas Abraham J. Heschel da Universidade Cat\u00f3lica de Lublin (KUL). &#8220;Precisamos do Dia do Juda\u00edsmo, porque nos permite descobrir as ra\u00edzes judaicas da [&hellip;]<\/p>\n","protected":false},"author":6,"featured_media":260971,"comment_status":"closed","ping_status":"closed","sticky":false,"template":"","format":"standard","meta":[],"categories":[73],"tags":[],"_links":{"self":[{"href":"https:\/\/www.polishscience.pl\/pt-pt\/wp-json\/wp\/v2\/posts\/261148"}],"collection":[{"href":"https:\/\/www.polishscience.pl\/pt-pt\/wp-json\/wp\/v2\/posts"}],"about":[{"href":"https:\/\/www.polishscience.pl\/pt-pt\/wp-json\/wp\/v2\/types\/post"}],"author":[{"embeddable":true,"href":"https:\/\/www.polishscience.pl\/pt-pt\/wp-json\/wp\/v2\/users\/6"}],"replies":[{"embeddable":true,"href":"https:\/\/www.polishscience.pl\/pt-pt\/wp-json\/wp\/v2\/comments?post=261148"}],"version-history":[{"count":2,"href":"https:\/\/www.polishscience.pl\/pt-pt\/wp-json\/wp\/v2\/posts\/261148\/revisions"}],"predecessor-version":[{"id":261158,"href":"https:\/\/www.polishscience.pl\/pt-pt\/wp-json\/wp\/v2\/posts\/261148\/revisions\/261158"}],"wp:featuredmedia":[{"embeddable":true,"href":"https:\/\/www.polishscience.pl\/pt-pt\/wp-json\/wp\/v2\/media\/260971"}],"wp:attachment":[{"href":"https:\/\/www.polishscience.pl\/pt-pt\/wp-json\/wp\/v2\/media?parent=261148"}],"wp:term":[{"taxonomy":"category","embeddable":true,"href":"https:\/\/www.polishscience.pl\/pt-pt\/wp-json\/wp\/v2\/categories?post=261148"},{"taxonomy":"post_tag","embeddable":true,"href":"https:\/\/www.polishscience.pl\/pt-pt\/wp-json\/wp\/v2\/tags?post=261148"}],"curies":[{"name":"wp","href":"https:\/\/api.w.org\/{rel}","templated":true}]}}