{"id":260498,"date":"2023-01-13T20:28:18","date_gmt":"2023-01-13T19:28:18","guid":{"rendered":"https:\/\/polishscience.pl\/?p=260498"},"modified":"2023-01-13T20:28:28","modified_gmt":"2023-01-13T19:28:28","slug":"conferencia-cientifica-sobre-apicultura-em-lublin","status":"publish","type":"post","link":"https:\/\/www.polishscience.pl\/pt-pt\/conferencia-cientifica-sobre-apicultura-em-lublin\/","title":{"rendered":"Confer\u00eancia Cient\u00edfica sobre Apicultura em Lublin"},"content":{"rendered":"<p class=\"western\"><b><span style=\"color: #000000;\"><span style=\"font-family: Times New Roman, serif;\"><span style=\"font-size: medium;\"><span lang=\"pl-PL\">Na quinta-feira, 19 de janeiro de 2023, o Centro de Congressos da Universidade de Ci\u00eancias da Vida em Lublin sediar\u00e1 a Confer\u00eancia Cient\u00edfica de Apicultura para o Ambiente Socioecon\u00f3mico &#8220;Ci\u00eancia na Pr\u00e1tica&#8221;.<\/span><\/span><\/span><\/span><\/b><\/p>\n<p class=\"western\"><span style=\"color: #000000;\"><span style=\"font-family: Times New Roman, serif;\"><span style=\"font-size: medium;\"><span lang=\"pl-PL\">A confer\u00eancia, cujo objetivo \u00e9 conectar o mundo da ci\u00eancia com o ambiente socioecon\u00f3mico, conta com o apoio de at\u00e9 tr\u00eas minist\u00e9rios: Clima e Meio Ambiente, Agricultura e Desenvolvimento Rural e Educa\u00e7\u00e3o e Ci\u00eancia.<\/span><\/span><\/span><\/span><\/p>\n<p class=\"western\"><span style=\"color: #000000;\"><span style=\"font-family: Times New Roman, serif;\"><span style=\"font-size: medium;\"><span lang=\"pl-PL\">O objetivo do evento \u00e9 apresentar a comunidade cient\u00edfica da apicultura, integrar a comunidade acad\u00e9mica (que trata de v\u00e1rios ramos da apicultura nas suas pesquisas) com os apicultores e empres\u00e1rios que atuam nessa \u00e1rea.<\/span><\/span><\/span><\/span><\/p>\n<p class=\"western\"><span style=\"color: #000000;\"><span style=\"font-family: Times New Roman, serif;\"><span style=\"font-size: medium;\"><span lang=\"pl-PL\">Durante a confer\u00eancia, ser\u00e3o apresentadas as dire\u00e7\u00f5es e resultados da pesquisa realizada em centros de pesquisa individuais em toda a Pol\u00f3nia, suas aplica\u00e7\u00f5es, implementa\u00e7\u00f5es e facilidades \u00fateis no trabalho di\u00e1rio de um apicultor.<\/span><\/span><\/span><\/span><\/p>\n","protected":false},"excerpt":{"rendered":"<p>Na quinta-feira, 19 de janeiro de 2023, o Centro de Congressos da Universidade de Ci\u00eancias da Vida em Lublin sediar\u00e1 a Confer\u00eancia Cient\u00edfica de Apicultura para o Ambiente Socioecon\u00f3mico &#8220;Ci\u00eancia na Pr\u00e1tica&#8221;. A confer\u00eancia, cujo objetivo \u00e9 conectar o mundo da ci\u00eancia com o ambiente socioecon\u00f3mico, conta com o apoio de at\u00e9 tr\u00eas minist\u00e9rios: Clima [&hellip;]<\/p>\n","protected":false},"author":6,"featured_media":260336,"comment_status":"closed","ping_status":"closed","sticky":false,"template":"","format":"standard","meta":[],"categories":[73],"tags":[],"_links":{"self":[{"href":"https:\/\/www.polishscience.pl\/pt-pt\/wp-json\/wp\/v2\/posts\/260498"}],"collection":[{"href":"https:\/\/www.polishscience.pl\/pt-pt\/wp-json\/wp\/v2\/posts"}],"about":[{"href":"https:\/\/www.polishscience.pl\/pt-pt\/wp-json\/wp\/v2\/types\/post"}],"author":[{"embeddable":true,"href":"https:\/\/www.polishscience.pl\/pt-pt\/wp-json\/wp\/v2\/users\/6"}],"replies":[{"embeddable":true,"href":"https:\/\/www.polishscience.pl\/pt-pt\/wp-json\/wp\/v2\/comments?post=260498"}],"version-history":[{"count":1,"href":"https:\/\/www.polishscience.pl\/pt-pt\/wp-json\/wp\/v2\/posts\/260498\/revisions"}],"predecessor-version":[{"id":260509,"href":"https:\/\/www.polishscience.pl\/pt-pt\/wp-json\/wp\/v2\/posts\/260498\/revisions\/260509"}],"wp:featuredmedia":[{"embeddable":true,"href":"https:\/\/www.polishscience.pl\/pt-pt\/wp-json\/wp\/v2\/media\/260336"}],"wp:attachment":[{"href":"https:\/\/www.polishscience.pl\/pt-pt\/wp-json\/wp\/v2\/media?parent=260498"}],"wp:term":[{"taxonomy":"category","embeddable":true,"href":"https:\/\/www.polishscience.pl\/pt-pt\/wp-json\/wp\/v2\/categories?post=260498"},{"taxonomy":"post_tag","embeddable":true,"href":"https:\/\/www.polishscience.pl\/pt-pt\/wp-json\/wp\/v2\/tags?post=260498"}],"curies":[{"name":"wp","href":"https:\/\/api.w.org\/{rel}","templated":true}]}}