{"id":260497,"date":"2023-01-13T20:28:03","date_gmt":"2023-01-13T19:28:03","guid":{"rendered":"https:\/\/polishscience.pl\/?p=260497"},"modified":"2023-01-13T20:28:03","modified_gmt":"2023-01-13T19:28:03","slug":"discussoes-polaco-italianas-sobre-ciencia-e-educacao","status":"publish","type":"post","link":"https:\/\/www.polishscience.pl\/pt-pt\/discussoes-polaco-italianas-sobre-ciencia-e-educacao\/","title":{"rendered":"Discuss\u00f5es polaco-italianas sobre ci\u00eancia e educa\u00e7\u00e3o"},"content":{"rendered":"<p class=\"western\" lang=\"pl-PL\"><span style=\"font-family: Times New Roman, serif;\"><span style=\"font-size: medium;\"><b>A troca de experi\u00eancias, a coopera\u00e7\u00e3o entre universidades polacas e italianas, a admiss\u00e3o de crian\u00e7as da Ucr\u00e2nia nas escolas, a situa\u00e7\u00e3o dos alunos nas escolas polacas e na It\u00e1lia foram os principais temas discutidos durante uma reuni\u00e3o do Ministro da Educa\u00e7\u00e3o e Ci\u00eancia, Przemys\u0142aw Czarnek, com o Ministro italiano da Educa\u00e7\u00e3o e do M\u00e9rito, Giuseppe Valditara, que teve lugar em Crac\u00f3via.<\/b><\/span><\/span><\/p>\n<p class=\"western\" lang=\"pl-PL\"><span style=\"font-family: Times New Roman, serif;\"><span style=\"font-size: medium;\">&#8220;Foi aqui em Crac\u00f3via, entre os s\u00e9culos XIV e XV, que se fundou a primeira universidade da Pol\u00f3nia e a segunda desta parte da Europa. Trezentos e cinquenta anos depois da cria\u00e7\u00e3o das universidades de Bolonha e P\u00e1dua&#8221;, disse o ministro lembrou Czarnek e observou que &#8220;em Crac\u00f3via, com base na amizade de Karol Wojty\u0142a e Jerzy Kruger, nasceram novas rela\u00e7\u00f5es polaco-judaicas e cat\u00f3lico-judaicas. Crac\u00f3via \u00e9 uma cidade simb\u00f3lica para toda a Pol\u00f3nia e para esta parte da Europa e para a Europa em geral.&#8221;<\/span><\/span><\/p>\n<p class=\"western\" lang=\"pl-PL\"><span style=\"font-family: Times New Roman, serif;\"><span style=\"font-size: medium;\">Ap\u00f3s as palestras, os ministros reuniram-se com alunos do Istituto Istruzione Superiore &#8220;GIOVANNI BERTACCHI&#8221; em Lecco e da Escola Secundaria No. 4 Tadeusz Ko\u015bciuszko em Crac\u00f3via, que participaram da exibi\u00e7\u00e3o do filme em tecnologia VR intitulado &#8220;Kartka z Powstania&#8221;<\/span><\/span><\/p>\n<p class=\"western\" lang=\"pl-PL\">\n","protected":false},"excerpt":{"rendered":"<p>A troca de experi\u00eancias, a coopera\u00e7\u00e3o entre universidades polacas e italianas, a admiss\u00e3o de crian\u00e7as da Ucr\u00e2nia nas escolas, a situa\u00e7\u00e3o dos alunos nas escolas polacas e na It\u00e1lia foram os principais temas discutidos durante uma reuni\u00e3o do Ministro da Educa\u00e7\u00e3o e Ci\u00eancia, Przemys\u0142aw Czarnek, com o Ministro italiano da Educa\u00e7\u00e3o e do M\u00e9rito, Giuseppe [&hellip;]<\/p>\n","protected":false},"author":6,"featured_media":260326,"comment_status":"closed","ping_status":"closed","sticky":false,"template":"","format":"standard","meta":[],"categories":[73],"tags":[],"_links":{"self":[{"href":"https:\/\/www.polishscience.pl\/pt-pt\/wp-json\/wp\/v2\/posts\/260497"}],"collection":[{"href":"https:\/\/www.polishscience.pl\/pt-pt\/wp-json\/wp\/v2\/posts"}],"about":[{"href":"https:\/\/www.polishscience.pl\/pt-pt\/wp-json\/wp\/v2\/types\/post"}],"author":[{"embeddable":true,"href":"https:\/\/www.polishscience.pl\/pt-pt\/wp-json\/wp\/v2\/users\/6"}],"replies":[{"embeddable":true,"href":"https:\/\/www.polishscience.pl\/pt-pt\/wp-json\/wp\/v2\/comments?post=260497"}],"version-history":[{"count":1,"href":"https:\/\/www.polishscience.pl\/pt-pt\/wp-json\/wp\/v2\/posts\/260497\/revisions"}],"predecessor-version":[{"id":260508,"href":"https:\/\/www.polishscience.pl\/pt-pt\/wp-json\/wp\/v2\/posts\/260497\/revisions\/260508"}],"wp:featuredmedia":[{"embeddable":true,"href":"https:\/\/www.polishscience.pl\/pt-pt\/wp-json\/wp\/v2\/media\/260326"}],"wp:attachment":[{"href":"https:\/\/www.polishscience.pl\/pt-pt\/wp-json\/wp\/v2\/media?parent=260497"}],"wp:term":[{"taxonomy":"category","embeddable":true,"href":"https:\/\/www.polishscience.pl\/pt-pt\/wp-json\/wp\/v2\/categories?post=260497"},{"taxonomy":"post_tag","embeddable":true,"href":"https:\/\/www.polishscience.pl\/pt-pt\/wp-json\/wp\/v2\/tags?post=260497"}],"curies":[{"name":"wp","href":"https:\/\/api.w.org\/{rel}","templated":true}]}}