{"id":260274,"date":"2023-01-12T17:10:53","date_gmt":"2023-01-12T16:10:53","guid":{"rendered":"https:\/\/polishscience.pl\/?p=260274"},"modified":"2023-01-12T17:10:53","modified_gmt":"2023-01-12T16:10:53","slug":"cidade-e-municipio-de-wieliczka-organizarao-uma-conferencia-cientifica-em-conjunto-com-a-universidade-de-economia-de-cracovia","status":"publish","type":"post","link":"https:\/\/www.polishscience.pl\/pt-pt\/cidade-e-municipio-de-wieliczka-organizarao-uma-conferencia-cientifica-em-conjunto-com-a-universidade-de-economia-de-cracovia\/","title":{"rendered":"Cidade e munic\u00edpio de Wieliczka organizar\u00e3o uma confer\u00eancia cient\u00edfica em conjunto com a Universidade de Economia de Crac\u00f3via"},"content":{"rendered":"<p class=\"western\"><b><span style=\"font-family: Times New Roman, serif;\"><span style=\"font-size: medium;\"><span lang=\"pl-PL\">O prefeito da Cidade e <\/span><\/span><\/span><span style=\"font-family: Times New Roman, serif;\"><span style=\"font-size: medium;\"><span lang=\"pl-PL\">do <\/span><\/span><\/span><span style=\"font-family: Times New Roman, serif;\"><span style=\"font-size: medium;\"><span lang=\"pl-PL\">Munic\u00edpio de Wieliczka, o Dr. Artur Kozio\u0142, e o reitor da Universidade de Economia de Crac\u00f3via (UEK), o Dr. Stanis\u0142aw Mazur, assinaram um acordo sobre a organiza\u00e7\u00e3o conjunta da confer\u00eancia cient\u00edfica \u201cAutoridades instala\u00e7\u00f5es 6.0. Desenvolvimento Social, Servi\u00e7os Econ\u00f3micos, Finan\u00e7as Modernas\u201d, que acontecer\u00e1 em Wieliczka em junho de 2023.<\/span><\/span><\/span><\/b><\/p>\n<p class=\"western\"><span style=\"font-family: Times New Roman, serif;\"><span style=\"font-size: medium;\"><span lang=\"pl-PL\">O acordo pressup\u00f5e que a UEK ajudar\u00e1 a criar o plano de confer\u00eancias e fornecer\u00e1 suporte cient\u00edfico na implementa\u00e7\u00e3o de pain\u00e9is de discuss\u00e3o durante o evento.<\/span><\/span><\/span><\/p>\n<p class=\"western\"><span style=\"font-family: Times New Roman, serif;\"><span style=\"font-size: medium;\"><span lang=\"pl-PL\">&#8220;Estou feliz que, como a Universidade de Economia de Crac\u00f3via, estamos a desenvolver e aprofundar a coopera\u00e7\u00e3o n\u00e3o apenas com o setor empresarial, mas tamb\u00e9m com o governo local. A cidade e comuna de Wieliczka \u00e9 um lugar bonito com grande potencial. Tenho certeza que a coopera\u00e7\u00e3o iniciada hoje continuar\u00e1, trazendo mais iniciativas not\u00e1veis&#8221;, disse o reitor da UEK, o Dr. Stanis\u0142aw Mazur.<br \/>\n<\/span><\/span><\/span><\/p>\n","protected":false},"excerpt":{"rendered":"<p>O prefeito da Cidade e do Munic\u00edpio de Wieliczka, o Dr. Artur Kozio\u0142, e o reitor da Universidade de Economia de Crac\u00f3via (UEK), o Dr. Stanis\u0142aw Mazur, assinaram um acordo sobre a organiza\u00e7\u00e3o conjunta da confer\u00eancia cient\u00edfica \u201cAutoridades instala\u00e7\u00f5es 6.0. Desenvolvimento Social, Servi\u00e7os Econ\u00f3micos, Finan\u00e7as Modernas\u201d, que acontecer\u00e1 em Wieliczka em junho de 2023. O [&hellip;]<\/p>\n","protected":false},"author":6,"featured_media":260115,"comment_status":"closed","ping_status":"closed","sticky":false,"template":"","format":"standard","meta":[],"categories":[73],"tags":[],"_links":{"self":[{"href":"https:\/\/www.polishscience.pl\/pt-pt\/wp-json\/wp\/v2\/posts\/260274"}],"collection":[{"href":"https:\/\/www.polishscience.pl\/pt-pt\/wp-json\/wp\/v2\/posts"}],"about":[{"href":"https:\/\/www.polishscience.pl\/pt-pt\/wp-json\/wp\/v2\/types\/post"}],"author":[{"embeddable":true,"href":"https:\/\/www.polishscience.pl\/pt-pt\/wp-json\/wp\/v2\/users\/6"}],"replies":[{"embeddable":true,"href":"https:\/\/www.polishscience.pl\/pt-pt\/wp-json\/wp\/v2\/comments?post=260274"}],"version-history":[{"count":2,"href":"https:\/\/www.polishscience.pl\/pt-pt\/wp-json\/wp\/v2\/posts\/260274\/revisions"}],"predecessor-version":[{"id":260284,"href":"https:\/\/www.polishscience.pl\/pt-pt\/wp-json\/wp\/v2\/posts\/260274\/revisions\/260284"}],"wp:featuredmedia":[{"embeddable":true,"href":"https:\/\/www.polishscience.pl\/pt-pt\/wp-json\/wp\/v2\/media\/260115"}],"wp:attachment":[{"href":"https:\/\/www.polishscience.pl\/pt-pt\/wp-json\/wp\/v2\/media?parent=260274"}],"wp:term":[{"taxonomy":"category","embeddable":true,"href":"https:\/\/www.polishscience.pl\/pt-pt\/wp-json\/wp\/v2\/categories?post=260274"},{"taxonomy":"post_tag","embeddable":true,"href":"https:\/\/www.polishscience.pl\/pt-pt\/wp-json\/wp\/v2\/tags?post=260274"}],"curies":[{"name":"wp","href":"https:\/\/api.w.org\/{rel}","templated":true}]}}