{"id":260040,"date":"2023-01-11T16:31:14","date_gmt":"2023-01-11T15:31:14","guid":{"rendered":"https:\/\/polishscience.pl\/?p=260040"},"modified":"2023-01-11T16:31:14","modified_gmt":"2023-01-11T15:31:14","slug":"conferencia-cientifica-por-ocasiao-do-60-o-aniversario-do-festival-nacional-da-cancao-polaca-em-opole","status":"publish","type":"post","link":"https:\/\/www.polishscience.pl\/pt-pt\/conferencia-cientifica-por-ocasiao-do-60-o-aniversario-do-festival-nacional-da-cancao-polaca-em-opole\/","title":{"rendered":"Confer\u00eancia cient\u00edfica por ocasi\u00e3o do 60.\u00ba anivers\u00e1rio do Festival Nacional da Can\u00e7\u00e3o Polaca em Opole"},"content":{"rendered":"<p class=\"western\" lang=\"zxx\"><b><span style=\"color: #000000;\"><span style=\"font-family: Times New Roman, serif;\"><span style=\"font-size: medium;\">O Museu da Can\u00e7\u00e3o Polaca de Opole e a Musicologia da Universidade de Opole convidam para a confer\u00eancia interdisciplinar &#8220;60 anos do Festival Nacional da Can\u00e7\u00e3o Polaca de Opole. M\u00fasica. Palavras. Contextos&#8221;, que ser\u00e1 realizada de 16 a 17 de maio de 2023.<\/span><\/span><\/span><\/b><\/p>\n<p class=\"western\" lang=\"zxx\"><span style=\"color: #000000;\"><span style=\"font-family: Times New Roman, serif;\"><span style=\"font-size: medium;\">O Festival Nacional da Can\u00e7\u00e3o Polaca (KFPP) tornou-se uma parte importante da cultura polaca nas \u00faltimas seis d\u00e9cadas. Sucessos, artistas e shows inesquec\u00edveis ficaram marcados na mem\u00f3ria de muita gente. O 60.\u00ba anivers\u00e1rio do KFPP em Opole \u00e9 uma excelente oportunidade para refletir sobre o seu legado hist\u00f3rico e atual, relatam os organizadores.<\/span><\/span><\/span><\/p>\n<p class=\"western\" lang=\"zxx\"><span style=\"color: #000000;\"><span style=\"font-family: Times New Roman, serif;\"><span style=\"font-size: medium;\">A confer\u00eancia \u201c60 anos do Festival Nacional da Can\u00e7\u00e3o Polaca em Opole. M\u00fasica. Palavras. Contextos\u201d ser\u00e1 um \u00f3timo lugar para uma discuss\u00e3o acad\u00e9mica sobre este evento. Os organizadores convidam especialistas culturais, music\u00f3logos, antrop\u00f3logos, soci\u00f3logos, especialistas nos m\u00e9dia, especialistas em literatura, linguistas e pesquisadores de outras \u00e1reas interessados \u200b\u200bno tema.<\/span><\/span><\/span><\/p>\n<p class=\"western\" lang=\"zxx\"><span style=\"color: #000000;\"><span style=\"font-family: Times New Roman, serif;\"><span style=\"font-size: medium;\">Mais: <\/span><\/span><\/span><span style=\"color: #0000ff;\"><u><a href=\"https:\/\/muzeumpiosenki.pl\/aktualnosci\/aktualnosc_907.html?fromsearch\"><span style=\"color: #0563c1;\"><span style=\"font-family: Times New Roman, serif;\"><span style=\"font-size: medium;\">https:\/\/muzeumpiosenki.pl\/aktualnosci\/aktualnosc_907.html?fromsearch<\/span><\/span><\/span><\/a><\/u><\/span><\/p>\n<p class=\"western\" lang=\"zxx\">\n","protected":false},"excerpt":{"rendered":"<p>O Museu da Can\u00e7\u00e3o Polaca de Opole e a Musicologia da Universidade de Opole convidam para a confer\u00eancia interdisciplinar &#8220;60 anos do Festival Nacional da Can\u00e7\u00e3o Polaca de Opole. M\u00fasica. Palavras. Contextos&#8221;, que ser\u00e1 realizada de 16 a 17 de maio de 2023. O Festival Nacional da Can\u00e7\u00e3o Polaca (KFPP) tornou-se uma parte importante da [&hellip;]<\/p>\n","protected":false},"author":6,"featured_media":259801,"comment_status":"closed","ping_status":"closed","sticky":false,"template":"","format":"standard","meta":[],"categories":[73],"tags":[],"_links":{"self":[{"href":"https:\/\/www.polishscience.pl\/pt-pt\/wp-json\/wp\/v2\/posts\/260040"}],"collection":[{"href":"https:\/\/www.polishscience.pl\/pt-pt\/wp-json\/wp\/v2\/posts"}],"about":[{"href":"https:\/\/www.polishscience.pl\/pt-pt\/wp-json\/wp\/v2\/types\/post"}],"author":[{"embeddable":true,"href":"https:\/\/www.polishscience.pl\/pt-pt\/wp-json\/wp\/v2\/users\/6"}],"replies":[{"embeddable":true,"href":"https:\/\/www.polishscience.pl\/pt-pt\/wp-json\/wp\/v2\/comments?post=260040"}],"version-history":[{"count":2,"href":"https:\/\/www.polishscience.pl\/pt-pt\/wp-json\/wp\/v2\/posts\/260040\/revisions"}],"predecessor-version":[{"id":260056,"href":"https:\/\/www.polishscience.pl\/pt-pt\/wp-json\/wp\/v2\/posts\/260040\/revisions\/260056"}],"wp:featuredmedia":[{"embeddable":true,"href":"https:\/\/www.polishscience.pl\/pt-pt\/wp-json\/wp\/v2\/media\/259801"}],"wp:attachment":[{"href":"https:\/\/www.polishscience.pl\/pt-pt\/wp-json\/wp\/v2\/media?parent=260040"}],"wp:term":[{"taxonomy":"category","embeddable":true,"href":"https:\/\/www.polishscience.pl\/pt-pt\/wp-json\/wp\/v2\/categories?post=260040"},{"taxonomy":"post_tag","embeddable":true,"href":"https:\/\/www.polishscience.pl\/pt-pt\/wp-json\/wp\/v2\/tags?post=260040"}],"curies":[{"name":"wp","href":"https:\/\/api.w.org\/{rel}","templated":true}]}}