{"id":260032,"date":"2023-01-11T16:29:30","date_gmt":"2023-01-11T15:29:30","guid":{"rendered":"https:\/\/polishscience.pl\/?p=260032"},"modified":"2023-01-11T16:29:30","modified_gmt":"2023-01-11T15:29:30","slug":"e-inaugurado-o-gabinete-de-estudos-kul-em-paris-para-a-diaspora-polaca-e-os-polacos-no-exterior","status":"publish","type":"post","link":"https:\/\/www.polishscience.pl\/pt-pt\/e-inaugurado-o-gabinete-de-estudos-kul-em-paris-para-a-diaspora-polaca-e-os-polacos-no-exterior\/","title":{"rendered":"\u00c9 inaugurado o Gabinete de Estudos KUL em Paris para a Di\u00e1spora Polaca e os Polacos no Exterior"},"content":{"rendered":"<p class=\"western\" lang=\"zxx\"><span style=\"font-family: Times New Roman, serif;\"><span style=\"font-size: medium;\"><b>A Universidade Cat\u00f3lica de Lublin (KUL) e a Miss\u00e3o Cat\u00f3lica Polaca na Fran\u00e7a convidam a participar da cerim\u00f3nia de inaugura\u00e7\u00e3o do Gabinete de Estudos KUL para a Di\u00e1spora Polaca e os Polacos no Exterior no Semin\u00e1rio Polaco de Paris, que acontecer\u00e1 no dia 4 de janeiro de 2023. O evento ser\u00e1 acompanhado pela confer\u00eancia \u201cPatriotismo moderno, como promover valores no mundo de hoje? Desafios da comunica\u00e7\u00e3o contempor\u00e2nea, novos media e tecnologias\u201d.<\/b><\/span><\/span><\/p>\n<p class=\"western\" lang=\"zxx\"><span style=\"font-family: Times New Roman, serif;\"><span style=\"font-size: medium;\">O evento contar\u00e1 com a presen\u00e7a de bispo Piotr Turzy\u0144ski, delegado da Confer\u00eancia Episcopal Polaca para a Pastoral da Emigra\u00e7\u00e3o Placa, e do Prof. Miros\u0142aw Kalinowski, reitor da Universidade Cat\u00f3lica de Lublin.<\/span><\/span><\/p>\n<p class=\"western\" lang=\"zxx\"><span style=\"font-family: Times New Roman, serif;\"><span style=\"font-size: medium;\">As atribui\u00e7\u00f5es do Gabinete de Estudos da KUL incluir\u00e3o, entre outras, a organiza\u00e7\u00e3o de aulas estacion\u00e1rias, cursos de forma\u00e7\u00e3o e p\u00f3s-gradua\u00e7\u00e3o, bem como confer\u00eancias, simp\u00f3sios, debates tem\u00e1ticos, aulas de polaco e cursos de aperfei\u00e7oamento de professores. Tamb\u00e9m ser\u00e1 um local de aulas e reuni\u00f5es para crian\u00e7as e jovens polacos.<\/span><\/span><\/p>\n","protected":false},"excerpt":{"rendered":"<p>A Universidade Cat\u00f3lica de Lublin (KUL) e a Miss\u00e3o Cat\u00f3lica Polaca na Fran\u00e7a convidam a participar da cerim\u00f3nia de inaugura\u00e7\u00e3o do Gabinete de Estudos KUL para a Di\u00e1spora Polaca e os Polacos no Exterior no Semin\u00e1rio Polaco de Paris, que acontecer\u00e1 no dia 4 de janeiro de 2023. O evento ser\u00e1 acompanhado pela confer\u00eancia \u201cPatriotismo [&hellip;]<\/p>\n","protected":false},"author":6,"featured_media":259721,"comment_status":"closed","ping_status":"closed","sticky":false,"template":"","format":"standard","meta":[],"categories":[73],"tags":[],"_links":{"self":[{"href":"https:\/\/www.polishscience.pl\/pt-pt\/wp-json\/wp\/v2\/posts\/260032"}],"collection":[{"href":"https:\/\/www.polishscience.pl\/pt-pt\/wp-json\/wp\/v2\/posts"}],"about":[{"href":"https:\/\/www.polishscience.pl\/pt-pt\/wp-json\/wp\/v2\/types\/post"}],"author":[{"embeddable":true,"href":"https:\/\/www.polishscience.pl\/pt-pt\/wp-json\/wp\/v2\/users\/6"}],"replies":[{"embeddable":true,"href":"https:\/\/www.polishscience.pl\/pt-pt\/wp-json\/wp\/v2\/comments?post=260032"}],"version-history":[{"count":1,"href":"https:\/\/www.polishscience.pl\/pt-pt\/wp-json\/wp\/v2\/posts\/260032\/revisions"}],"predecessor-version":[{"id":260044,"href":"https:\/\/www.polishscience.pl\/pt-pt\/wp-json\/wp\/v2\/posts\/260032\/revisions\/260044"}],"wp:featuredmedia":[{"embeddable":true,"href":"https:\/\/www.polishscience.pl\/pt-pt\/wp-json\/wp\/v2\/media\/259721"}],"wp:attachment":[{"href":"https:\/\/www.polishscience.pl\/pt-pt\/wp-json\/wp\/v2\/media?parent=260032"}],"wp:term":[{"taxonomy":"category","embeddable":true,"href":"https:\/\/www.polishscience.pl\/pt-pt\/wp-json\/wp\/v2\/categories?post=260032"},{"taxonomy":"post_tag","embeddable":true,"href":"https:\/\/www.polishscience.pl\/pt-pt\/wp-json\/wp\/v2\/tags?post=260032"}],"curies":[{"name":"wp","href":"https:\/\/api.w.org\/{rel}","templated":true}]}}