{"id":259661,"date":"2023-01-10T16:36:17","date_gmt":"2023-01-10T15:36:17","guid":{"rendered":"https:\/\/polishscience.pl\/?p=259661"},"modified":"2023-01-10T16:36:36","modified_gmt":"2023-01-10T15:36:36","slug":"academia-wsb-em-dabrowa-gornicza-acolhe-a-conferencia-modificacao-do-codigo-do-trabalho-avaliacao-da-regulamentacao-e-dos-seus-efeitos","status":"publish","type":"post","link":"https:\/\/www.polishscience.pl\/pt-pt\/academia-wsb-em-dabrowa-gornicza-acolhe-a-conferencia-modificacao-do-codigo-do-trabalho-avaliacao-da-regulamentacao-e-dos-seus-efeitos\/","title":{"rendered":"Academia WSB em D\u0105browa G\u00f3rnicza acolhe a confer\u00eancia &#8220;Modifica\u00e7\u00e3o do C\u00f3digo do Trabalho: avalia\u00e7\u00e3o da regulamenta\u00e7\u00e3o e dos seus efeitos&#8221;"},"content":{"rendered":"<p class=\"western\" lang=\"pl-PL\"><span style=\"font-family: Times New Roman, serif;\"><span style=\"font-size: medium;\"><b>O Departamento de Direito e Administra\u00e7\u00e3o da Academia WSB em D\u0105browa G\u00f3rnicza convida para a confer\u00eancia cient\u00edfica &#8220;Modifica\u00e7\u00e3o do C\u00f3digo do Trabalho: avalia\u00e7\u00e3o da regulamenta\u00e7\u00e3o e dos seus efeitos&#8221;, que acontecer\u00e1 no dia 1.\u00ba de fevereiro de 2023. Atender\u00e3o especialistas na \u00e1rea da legisla\u00e7\u00e3o trabalhista, prote\u00e7\u00e3o de dados pessoais, seguran\u00e7a da informa\u00e7\u00e3o e direitos do empregador.<\/b><\/span><\/span><\/p>\n<p class=\"western\" lang=\"pl-PL\"><span style=\"font-family: Times New Roman, serif;\"><span style=\"font-size: medium;\">O evento ser\u00e1 dedicado \u00e0s quest\u00f5es relacionadas com a reforma do C\u00f3digo do Trabalho, que entrar\u00e1 em vigor em 2023. As altera\u00e7\u00f5es propostas ser\u00e3o de grande import\u00e2ncia, tanto para empregadores como para trabalhadores. A altera\u00e7\u00e3o justifica-se tamb\u00e9m pela necessidade de concretiza\u00e7\u00e3o das diretivas da UE, entre as quais a diretiva sobre o equil\u00edbrio entre vida profissional e privada, l\u00ea-se no convite.<\/span><\/span><\/p>\n<p class=\"western\" lang=\"pl-PL\"><span style=\"font-family: Times New Roman, serif;\"><span style=\"font-size: medium;\">No \u00e2mbito da confer\u00eancia, tamb\u00e9m ser\u00e1 discutido o tema do trabalho remoto, adotado no ordenamento jur\u00eddico polaco como solu\u00e7\u00e3o tempor\u00e1ria, introduzido pela Lei Covid. Atualmente, prev\u00ea-se a introdu\u00e7\u00e3o permanente destas solu\u00e7\u00f5es no C\u00f3digo do Trabalho.<\/span><\/span><\/p>\n<p class=\"western\" lang=\"pl-PL\"><span style=\"font-family: Times New Roman, serif;\"><span style=\"font-size: medium;\">Mais: <a href=\"https:\/\/wsb.edu.pl\/uczelnia\/aktualnosci\/konferencja-naukowa-nowelizacja-kodeksu-pracy-ocena-regulacji-i-jej-skutki-2.html\">https:\/\/wsb.edu.pl\/uczelnia\/aktualnosci\/konferencja-naukowa-nowelizacja-kodeksu-pracy-ocena-regulacji-i-jej-skutki-2.html<\/a> <\/span><\/span><\/p>\n<p class=\"western\" lang=\"pl-PL\">\n","protected":false},"excerpt":{"rendered":"<p>O Departamento de Direito e Administra\u00e7\u00e3o da Academia WSB em D\u0105browa G\u00f3rnicza convida para a confer\u00eancia cient\u00edfica &#8220;Modifica\u00e7\u00e3o do C\u00f3digo do Trabalho: avalia\u00e7\u00e3o da regulamenta\u00e7\u00e3o e dos seus efeitos&#8221;, que acontecer\u00e1 no dia 1.\u00ba de fevereiro de 2023. Atender\u00e3o especialistas na \u00e1rea da legisla\u00e7\u00e3o trabalhista, prote\u00e7\u00e3o de dados pessoais, seguran\u00e7a da informa\u00e7\u00e3o e direitos do [&hellip;]<\/p>\n","protected":false},"author":6,"featured_media":259471,"comment_status":"closed","ping_status":"closed","sticky":false,"template":"","format":"standard","meta":[],"categories":[73],"tags":[],"_links":{"self":[{"href":"https:\/\/www.polishscience.pl\/pt-pt\/wp-json\/wp\/v2\/posts\/259661"}],"collection":[{"href":"https:\/\/www.polishscience.pl\/pt-pt\/wp-json\/wp\/v2\/posts"}],"about":[{"href":"https:\/\/www.polishscience.pl\/pt-pt\/wp-json\/wp\/v2\/types\/post"}],"author":[{"embeddable":true,"href":"https:\/\/www.polishscience.pl\/pt-pt\/wp-json\/wp\/v2\/users\/6"}],"replies":[{"embeddable":true,"href":"https:\/\/www.polishscience.pl\/pt-pt\/wp-json\/wp\/v2\/comments?post=259661"}],"version-history":[{"count":2,"href":"https:\/\/www.polishscience.pl\/pt-pt\/wp-json\/wp\/v2\/posts\/259661\/revisions"}],"predecessor-version":[{"id":259673,"href":"https:\/\/www.polishscience.pl\/pt-pt\/wp-json\/wp\/v2\/posts\/259661\/revisions\/259673"}],"wp:featuredmedia":[{"embeddable":true,"href":"https:\/\/www.polishscience.pl\/pt-pt\/wp-json\/wp\/v2\/media\/259471"}],"wp:attachment":[{"href":"https:\/\/www.polishscience.pl\/pt-pt\/wp-json\/wp\/v2\/media?parent=259661"}],"wp:term":[{"taxonomy":"category","embeddable":true,"href":"https:\/\/www.polishscience.pl\/pt-pt\/wp-json\/wp\/v2\/categories?post=259661"},{"taxonomy":"post_tag","embeddable":true,"href":"https:\/\/www.polishscience.pl\/pt-pt\/wp-json\/wp\/v2\/tags?post=259661"}],"curies":[{"name":"wp","href":"https:\/\/api.w.org\/{rel}","templated":true}]}}