{"id":259022,"date":"2023-01-05T14:42:56","date_gmt":"2023-01-05T13:42:56","guid":{"rendered":"https:\/\/polishscience.pl\/?p=259022"},"modified":"2023-01-05T14:42:56","modified_gmt":"2023-01-05T13:42:56","slug":"representantes-da-academia-naval-de-gdynia-participam-da-reuniao-do-consorcio-parceria-para-a-paz","status":"publish","type":"post","link":"https:\/\/www.polishscience.pl\/pt-pt\/representantes-da-academia-naval-de-gdynia-participam-da-reuniao-do-consorcio-parceria-para-a-paz\/","title":{"rendered":"Representantes da Academia Naval de Gdynia participam da reuni\u00e3o do Cons\u00f3rcio Parceria para a Paz"},"content":{"rendered":"<p class=\"western\"><b><span style=\"color: #000000;\"><span style=\"font-family: Times New Roman, serif;\"><span style=\"font-size: medium;\"><span lang=\"pl-PL\">Os representantes da Academia Naval de Gdynia (AMW) participaram da reuni\u00e3o do Alto Conselho Consultivo e do Comit\u00e9 Diretor do Cons\u00f3rcio Parceria para a Paz das Academias de Defesa e Institutos de Estudos de Seguran\u00e7a (PfPC).<\/span><\/span><\/span><\/span><\/b><\/p>\n<p class=\"western\"><span style=\"color: #000000;\"><span style=\"font-family: Times New Roman, serif;\"><span style=\"font-size: medium;\"><span lang=\"pl-PL\">As sess\u00f5es na Universidade Sueca de Defesa Nacional contaram com a presen\u00e7a do reitor-comandante da Escola Naval, Contra-Almirante Prof. Tomasz Szubrycht, representante do Ministro da Defesa Nacional no Conselho Superior Consultivo, e do Comandante Dr. Eng. Mariusz Mi\u0119cikowski, representante da Pol\u00f3nia no Comit\u00e9 Diretivo do Cons\u00f3rcio. O objetivo da reuni\u00e3o foi resumir as atividades da PfPC no ano passado e desenvolver uma posi\u00e7\u00e3o comum para as atividades do pr\u00f3ximo ano.<\/span><\/span><\/span><\/span><\/p>\n<p class=\"western\"><span style=\"color: #000000;\"><span style=\"font-family: Times New Roman, serif;\"><span style=\"font-size: medium;\"><span lang=\"pl-PL\">A miss\u00e3o do Cons\u00f3rcio \u00e9 criar condi\u00e7\u00f5es conducentes \u00e0 coopera\u00e7\u00e3o e integra\u00e7\u00e3o entre os membros da OTAN e outros parceiros n\u00e3o aliados no dom\u00ednio da seguran\u00e7a.<\/span><\/span><\/span><\/span><\/p>\n<p class=\"western\"><span style=\"color: #000000;\"><span style=\"font-family: Times New Roman, serif;\"><span style=\"font-size: medium;\"><span lang=\"pl-PL\">Mais: <\/span><\/span><\/span><\/span><span style=\"color: #0000ff;\"><u><a href=\"https:\/\/www.amw.gdynia.pl\/index.php\/o-nas\/aktualnosci\/item\/4637-spotkanie-konsorcjum-partnerstwa-dla-pokoju-w-sztokholmie\"><span style=\"color: #0563c1;\"><span style=\"font-family: Times New Roman, serif;\"><span style=\"font-size: medium;\"><span lang=\"pl-PL\">https:\/\/www.amw.gdynia.pl\/index.php\/o-nas\/aktualnosci\/item\/4637-spotkanie-konsorcjum-partnerstwa-dla-pokoju-w-sztokholmie<\/span><\/span><\/span><\/span><\/a><\/u><\/span><\/p>\n","protected":false},"excerpt":{"rendered":"<p>Os representantes da Academia Naval de Gdynia (AMW) participaram da reuni\u00e3o do Alto Conselho Consultivo e do Comit\u00e9 Diretor do Cons\u00f3rcio Parceria para a Paz das Academias de Defesa e Institutos de Estudos de Seguran\u00e7a (PfPC). As sess\u00f5es na Universidade Sueca de Defesa Nacional contaram com a presen\u00e7a do reitor-comandante da Escola Naval, Contra-Almirante Prof. [&hellip;]<\/p>\n","protected":false},"author":6,"featured_media":258937,"comment_status":"closed","ping_status":"closed","sticky":false,"template":"","format":"standard","meta":[],"categories":[73],"tags":[],"_links":{"self":[{"href":"https:\/\/www.polishscience.pl\/pt-pt\/wp-json\/wp\/v2\/posts\/259022"}],"collection":[{"href":"https:\/\/www.polishscience.pl\/pt-pt\/wp-json\/wp\/v2\/posts"}],"about":[{"href":"https:\/\/www.polishscience.pl\/pt-pt\/wp-json\/wp\/v2\/types\/post"}],"author":[{"embeddable":true,"href":"https:\/\/www.polishscience.pl\/pt-pt\/wp-json\/wp\/v2\/users\/6"}],"replies":[{"embeddable":true,"href":"https:\/\/www.polishscience.pl\/pt-pt\/wp-json\/wp\/v2\/comments?post=259022"}],"version-history":[{"count":1,"href":"https:\/\/www.polishscience.pl\/pt-pt\/wp-json\/wp\/v2\/posts\/259022\/revisions"}],"predecessor-version":[{"id":259032,"href":"https:\/\/www.polishscience.pl\/pt-pt\/wp-json\/wp\/v2\/posts\/259022\/revisions\/259032"}],"wp:featuredmedia":[{"embeddable":true,"href":"https:\/\/www.polishscience.pl\/pt-pt\/wp-json\/wp\/v2\/media\/258937"}],"wp:attachment":[{"href":"https:\/\/www.polishscience.pl\/pt-pt\/wp-json\/wp\/v2\/media?parent=259022"}],"wp:term":[{"taxonomy":"category","embeddable":true,"href":"https:\/\/www.polishscience.pl\/pt-pt\/wp-json\/wp\/v2\/categories?post=259022"},{"taxonomy":"post_tag","embeddable":true,"href":"https:\/\/www.polishscience.pl\/pt-pt\/wp-json\/wp\/v2\/tags?post=259022"}],"curies":[{"name":"wp","href":"https:\/\/api.w.org\/{rel}","templated":true}]}}