{"id":257233,"date":"2022-12-27T16:59:03","date_gmt":"2022-12-27T15:59:03","guid":{"rendered":"https:\/\/polishscience.pl\/?p=257233"},"modified":"2022-12-27T16:59:03","modified_gmt":"2022-12-27T15:59:03","slug":"pesquisadora-da-universidade-tecnologica-de-lodz-torna-se-vice-presidente-da-associacao-de-quimica-e-meio-ambiente","status":"publish","type":"post","link":"https:\/\/www.polishscience.pl\/pt-pt\/pesquisadora-da-universidade-tecnologica-de-lodz-torna-se-vice-presidente-da-associacao-de-quimica-e-meio-ambiente\/","title":{"rendered":"Pesquisadora da Universidade Tecnol\u00f3gica de \u0141\u00f3d\u017a torna-se vice-presidente da Associa\u00e7\u00e3o de Qu\u00edmica e Meio Ambiente"},"content":{"rendered":"<p class=\"western\" lang=\"pl-PL\"><span style=\"font-family: Times New Roman, serif;\"><span style=\"font-size: medium;\"><b>A Prof.<span lang=\"pt-PT\">\u00aa<\/span> Ma\u0142gorzata Szynkowska-J\u00f3\u017awik, decana da Faculdade de Qu\u00edmica da Universidade Tecnol\u00f3gica de \u0141\u00f3d\u017a (P\u0141), foi nomeada vice-presidenta de Association of Chemistry and the Environment (ACE).<\/b><\/span><\/span><\/p>\n<p class=\"western\" lang=\"pl-PL\"><span style=\"font-family: Times New Roman, serif;\"><span style=\"font-size: medium;\">A elei\u00e7\u00e3o para o cargo foi feita durante a assembleia-geral da associa\u00e7\u00e3o, durante o 22.\u00ba European Meeting on Environmental Chemistry, que decorreu em Ljubljana (Eslov\u00e9nia). A Prof.<span lang=\"pt-PT\">\u00aa<\/span> Ma\u0142gorzata Szynkowska-J\u00f3\u017awik ser\u00e1 a \u00fanica representante da Pol\u00f3nia no grupo internacional de cientistas reunidos na lideran\u00e7a desta organiza\u00e7\u00e3o.<\/span><\/span><\/p>\n<p class=\"western\" lang=\"pl-PL\"><span style=\"font-family: Times New Roman, serif;\"><span style=\"font-size: medium;\">A ACE \u00e9 uma associa\u00e7\u00e3o cient\u00edfica sem fins lucrativos fundada em outubro de 2000 por um grupo de cientistas europeus. A sua miss\u00e3o \u00e9 promover contactos internacionais entre cientistas da academia e institutos de pesquisa e do setor comercial, governos e outros \u00f3rg\u00e3os reguladores para abordar problemas ambientais e promover a educa\u00e7\u00e3o.<\/span><\/span><\/p>\n<p class=\"western\" lang=\"pl-PL\">\n","protected":false},"excerpt":{"rendered":"<p>A Prof.\u00aa Ma\u0142gorzata Szynkowska-J\u00f3\u017awik, decana da Faculdade de Qu\u00edmica da Universidade Tecnol\u00f3gica de \u0141\u00f3d\u017a (P\u0141), foi nomeada vice-presidenta de Association of Chemistry and the Environment (ACE). A elei\u00e7\u00e3o para o cargo foi feita durante a assembleia-geral da associa\u00e7\u00e3o, durante o 22.\u00ba European Meeting on Environmental Chemistry, que decorreu em Ljubljana (Eslov\u00e9nia). A Prof.\u00aa Ma\u0142gorzata Szynkowska-J\u00f3\u017awik [&hellip;]<\/p>\n","protected":false},"author":6,"featured_media":257053,"comment_status":"closed","ping_status":"closed","sticky":false,"template":"","format":"standard","meta":[],"categories":[73],"tags":[],"_links":{"self":[{"href":"https:\/\/www.polishscience.pl\/pt-pt\/wp-json\/wp\/v2\/posts\/257233"}],"collection":[{"href":"https:\/\/www.polishscience.pl\/pt-pt\/wp-json\/wp\/v2\/posts"}],"about":[{"href":"https:\/\/www.polishscience.pl\/pt-pt\/wp-json\/wp\/v2\/types\/post"}],"author":[{"embeddable":true,"href":"https:\/\/www.polishscience.pl\/pt-pt\/wp-json\/wp\/v2\/users\/6"}],"replies":[{"embeddable":true,"href":"https:\/\/www.polishscience.pl\/pt-pt\/wp-json\/wp\/v2\/comments?post=257233"}],"version-history":[{"count":0,"href":"https:\/\/www.polishscience.pl\/pt-pt\/wp-json\/wp\/v2\/posts\/257233\/revisions"}],"wp:featuredmedia":[{"embeddable":true,"href":"https:\/\/www.polishscience.pl\/pt-pt\/wp-json\/wp\/v2\/media\/257053"}],"wp:attachment":[{"href":"https:\/\/www.polishscience.pl\/pt-pt\/wp-json\/wp\/v2\/media?parent=257233"}],"wp:term":[{"taxonomy":"category","embeddable":true,"href":"https:\/\/www.polishscience.pl\/pt-pt\/wp-json\/wp\/v2\/categories?post=257233"},{"taxonomy":"post_tag","embeddable":true,"href":"https:\/\/www.polishscience.pl\/pt-pt\/wp-json\/wp\/v2\/tags?post=257233"}],"curies":[{"name":"wp","href":"https:\/\/api.w.org\/{rel}","templated":true}]}}