{"id":257017,"date":"2022-12-23T19:57:36","date_gmt":"2022-12-23T18:57:36","guid":{"rendered":"https:\/\/polishscience.pl\/?p=257017"},"modified":"2022-12-23T19:57:36","modified_gmt":"2022-12-23T18:57:36","slug":"o-centro-de-pesquisa-de-cultura-da-universidade-de-varsovia-preparou-a-exposicao-os-franceses-em-varsovia","status":"publish","type":"post","link":"https:\/\/www.polishscience.pl\/pt-pt\/o-centro-de-pesquisa-de-cultura-da-universidade-de-varsovia-preparou-a-exposicao-os-franceses-em-varsovia\/","title":{"rendered":"O Centro de Pesquisa de Cultura da Universidade de Vars\u00f3via preparou a exposi\u00e7\u00e3o &#8220;Os franceses em Vars\u00f3via&#8221;"},"content":{"rendered":"<p class=\"western\"><b>A Embaixada da Fran\u00e7a em Vars\u00f3via recebe a exposi\u00e7\u00e3o &#8220;Les Fran\u00e7ais \u00e0 Varsovie&#8221; (&#8220;Os franceses em Vars\u00f3via&#8221;), preparada pelo Centro de Pesquisa em Cultura da Universidade de Vars\u00f3via (UW). A exposi\u00e7\u00e3o trata dos la\u00e7os sociais e culturais da Fran\u00e7a e da Pol\u00f3nia desde os primeiros tempos at\u00e9 os dias atuais.<\/b><\/p>\n<p class=\"western\">A exposi\u00e7\u00e3o apresenta locais como igrejas, cemit\u00e9rios, institui\u00e7\u00f5es, al\u00e9m de obras de arte relacionadas \u00e0 cultura francesa em Vars\u00f3via, bem como processos relacionados ao reassentamento e assimila\u00e7\u00e3o dos franceses na capital da Pol\u00f3nia.<\/p>\n<p class=\"western\">Patrocinada pelo Embaixador da Fran\u00e7a na Pol\u00f3nia, Fr\u00e9d\u00e9ric Billet, a exposi\u00e7\u00e3o insere-se no projeto &#8220;Multiculturalismo da Vars\u00f3via Antiga e Moderna&#8221;, que visa mostrar a face multicultural da capital ao longo dos s\u00e9culos e apresentar os processos de assimila\u00e7\u00e3o e povoamento da cidade por pessoas de outras nacionalidades, como italianos, franceses, arm\u00e9nios, ucranianos, suecos, noruegueses ou japoneses.<\/p>\n<p class=\"western\">\n","protected":false},"excerpt":{"rendered":"<p>A Embaixada da Fran\u00e7a em Vars\u00f3via recebe a exposi\u00e7\u00e3o &#8220;Les Fran\u00e7ais \u00e0 Varsovie&#8221; (&#8220;Os franceses em Vars\u00f3via&#8221;), preparada pelo Centro de Pesquisa em Cultura da Universidade de Vars\u00f3via (UW). A exposi\u00e7\u00e3o trata dos la\u00e7os sociais e culturais da Fran\u00e7a e da Pol\u00f3nia desde os primeiros tempos at\u00e9 os dias atuais. A exposi\u00e7\u00e3o apresenta locais como [&hellip;]<\/p>\n","protected":false},"author":6,"featured_media":256844,"comment_status":"closed","ping_status":"closed","sticky":false,"template":"","format":"standard","meta":[],"categories":[73],"tags":[],"_links":{"self":[{"href":"https:\/\/www.polishscience.pl\/pt-pt\/wp-json\/wp\/v2\/posts\/257017"}],"collection":[{"href":"https:\/\/www.polishscience.pl\/pt-pt\/wp-json\/wp\/v2\/posts"}],"about":[{"href":"https:\/\/www.polishscience.pl\/pt-pt\/wp-json\/wp\/v2\/types\/post"}],"author":[{"embeddable":true,"href":"https:\/\/www.polishscience.pl\/pt-pt\/wp-json\/wp\/v2\/users\/6"}],"replies":[{"embeddable":true,"href":"https:\/\/www.polishscience.pl\/pt-pt\/wp-json\/wp\/v2\/comments?post=257017"}],"version-history":[{"count":0,"href":"https:\/\/www.polishscience.pl\/pt-pt\/wp-json\/wp\/v2\/posts\/257017\/revisions"}],"wp:featuredmedia":[{"embeddable":true,"href":"https:\/\/www.polishscience.pl\/pt-pt\/wp-json\/wp\/v2\/media\/256844"}],"wp:attachment":[{"href":"https:\/\/www.polishscience.pl\/pt-pt\/wp-json\/wp\/v2\/media?parent=257017"}],"wp:term":[{"taxonomy":"category","embeddable":true,"href":"https:\/\/www.polishscience.pl\/pt-pt\/wp-json\/wp\/v2\/categories?post=257017"},{"taxonomy":"post_tag","embeddable":true,"href":"https:\/\/www.polishscience.pl\/pt-pt\/wp-json\/wp\/v2\/tags?post=257017"}],"curies":[{"name":"wp","href":"https:\/\/api.w.org\/{rel}","templated":true}]}}