{"id":256345,"date":"2022-12-20T15:53:00","date_gmt":"2022-12-20T14:53:00","guid":{"rendered":"https:\/\/polishscience.pl\/?p=256345"},"modified":"2022-12-20T15:53:00","modified_gmt":"2022-12-20T14:53:00","slug":"o-prof-krzysztof-marian-gorski-e-candidato-ao-cargo-de-secretario-geral-da-academia-copernicana","status":"publish","type":"post","link":"https:\/\/www.polishscience.pl\/pt-pt\/o-prof-krzysztof-marian-gorski-e-candidato-ao-cargo-de-secretario-geral-da-academia-copernicana\/","title":{"rendered":"O Prof. Krzysztof Marian G\u00f3rski \u00e9 candidato ao cargo de secret\u00e1rio-geral da Academia Copernicana"},"content":{"rendered":"<p class=\"western\" lang=\"pl-PL\"><span style=\"font-family: Times New Roman, serif;\"><span style=\"font-size: medium;\"><b>O Ministro da Educa\u00e7\u00e3o e Ci\u00eancia, Przemys\u0142aw Czarnek, apresentou um pedido ao Presidente Andrzej Duda para nomear o Prof. Krzysztof Marian G\u00f3rski como secret\u00e1rio-geral da Academia Copernicana.<\/b><\/span><\/span><\/p>\n<p class=\"western\" lang=\"pl-PL\"><span style=\"font-family: Times New Roman, serif;\"><span style=\"font-size: medium;\">A miss\u00e3o da Academia Copernicana \u00e9 aumentar a competitividade e contribuir para um maior reconhecimento da ci\u00eancia polaca no mundo. A sua principal miss\u00e3o \u00e9 a implementa\u00e7\u00e3o do Programa Nacional Copernicano, que inclui, entre outros: o financiamento da investiga\u00e7\u00e3o cient\u00edfica; apoio \u00e0 Escola Central Nicolau Cop\u00e9rnico; conceder os Pr\u00e9mios Copernicanos; nomear Embaixadores da Academia Copernicana e conceder apoio financeiro \u00e0s tarefas por eles realizadas; a organiza\u00e7\u00e3o do Congresso Mundial Copernicano.<\/span><\/span><\/p>\n<p class=\"western\" lang=\"pl-PL\"><span style=\"font-family: Times New Roman, serif;\"><span style=\"font-size: medium;\">O mandato do secret\u00e1rio-geral ter\u00e1 a dura\u00e7\u00e3o de 7 anos. As suas fun\u00e7\u00f5es incluir\u00e3o a gest\u00e3o permanente das atividades da Academia e representa\u00e7\u00e3o no exterior.<\/span><\/span><\/p>\n<p class=\"western\" lang=\"pl-PL\"><span style=\"font-family: Times New Roman, serif;\"><span style=\"font-size: medium;\">&#8220;O Prof. Krzysztof G\u00f3rski \u00e9 um cientista excepcional. Funcion\u00e1rio do laborat\u00f3rio da NASA nos Estados Unidos e, ao mesmo tempo, funcion\u00e1rio da Universidade de Vars\u00f3via. Ele cumprir\u00e1 perfeitamente esse papel&#8221;, disse o Ministro Czarnek.<\/span><\/span><\/p>\n","protected":false},"excerpt":{"rendered":"<p>O Ministro da Educa\u00e7\u00e3o e Ci\u00eancia, Przemys\u0142aw Czarnek, apresentou um pedido ao Presidente Andrzej Duda para nomear o Prof. Krzysztof Marian G\u00f3rski como secret\u00e1rio-geral da Academia Copernicana. A miss\u00e3o da Academia Copernicana \u00e9 aumentar a competitividade e contribuir para um maior reconhecimento da ci\u00eancia polaca no mundo. A sua principal miss\u00e3o \u00e9 a implementa\u00e7\u00e3o do [&hellip;]<\/p>\n","protected":false},"author":6,"featured_media":256161,"comment_status":"closed","ping_status":"closed","sticky":false,"template":"","format":"standard","meta":[],"categories":[73],"tags":[],"_links":{"self":[{"href":"https:\/\/www.polishscience.pl\/pt-pt\/wp-json\/wp\/v2\/posts\/256345"}],"collection":[{"href":"https:\/\/www.polishscience.pl\/pt-pt\/wp-json\/wp\/v2\/posts"}],"about":[{"href":"https:\/\/www.polishscience.pl\/pt-pt\/wp-json\/wp\/v2\/types\/post"}],"author":[{"embeddable":true,"href":"https:\/\/www.polishscience.pl\/pt-pt\/wp-json\/wp\/v2\/users\/6"}],"replies":[{"embeddable":true,"href":"https:\/\/www.polishscience.pl\/pt-pt\/wp-json\/wp\/v2\/comments?post=256345"}],"version-history":[{"count":0,"href":"https:\/\/www.polishscience.pl\/pt-pt\/wp-json\/wp\/v2\/posts\/256345\/revisions"}],"wp:featuredmedia":[{"embeddable":true,"href":"https:\/\/www.polishscience.pl\/pt-pt\/wp-json\/wp\/v2\/media\/256161"}],"wp:attachment":[{"href":"https:\/\/www.polishscience.pl\/pt-pt\/wp-json\/wp\/v2\/media?parent=256345"}],"wp:term":[{"taxonomy":"category","embeddable":true,"href":"https:\/\/www.polishscience.pl\/pt-pt\/wp-json\/wp\/v2\/categories?post=256345"},{"taxonomy":"post_tag","embeddable":true,"href":"https:\/\/www.polishscience.pl\/pt-pt\/wp-json\/wp\/v2\/tags?post=256345"}],"curies":[{"name":"wp","href":"https:\/\/api.w.org\/{rel}","templated":true}]}}