{"id":255556,"date":"2022-12-15T15:09:07","date_gmt":"2022-12-15T14:09:07","guid":{"rendered":"https:\/\/polishscience.pl\/?p=255556"},"modified":"2022-12-15T15:09:07","modified_gmt":"2022-12-15T14:09:07","slug":"pesquisador-da-universidade-de-lodz-quer-reconstruir-as-mudancas-climaticas-na-polonia-no-final-do-pleistoceno-e-holoceno","status":"publish","type":"post","link":"https:\/\/www.polishscience.pl\/pt-pt\/pesquisador-da-universidade-de-lodz-quer-reconstruir-as-mudancas-climaticas-na-polonia-no-final-do-pleistoceno-e-holoceno\/","title":{"rendered":"Pesquisador da Universidade de \u0141\u00f3d\u017a quer reconstruir as mudan\u00e7as clim\u00e1ticas na Pol\u00f3nia no final do Pleistoceno e Holoceno"},"content":{"rendered":"<p class=\"western\"><b><span style=\"color: #000000;\"><span style=\"font-family: Times New Roman, serif;\"><span style=\"font-size: medium;\"><span lang=\"pl-PL\">No \u00e2mbito da Bolsa de Doutorado da Universidade de \u0141\u00f3d\u017a (U\u0141), Marta Rudna analisa a hist\u00f3ria das mudan\u00e7as geogr\u00e1ficas e biol\u00f3gicas que moldaram a Pol\u00f3nia ao longo de 2.000 anos, relata no Twitter Pawe\u0142 \u015apiechowicz, porta-voz da Universidade.<\/span><\/span><\/span><\/span><\/b><\/p>\n<p class=\"western\"><span style=\"color: #000000;\"><span style=\"font-family: Times New Roman, serif;\"><span style=\"font-size: medium;\"><span lang=\"pl-PL\">Nos seus estudos de doutorado na Universidade de \u0141\u00f3d\u017a, Marta Rudna se concentra na reconstru\u00e7\u00e3o das r\u00e1pidas mudan\u00e7as clim\u00e1ticas na Pol\u00f3nia central no final do Pleistoceno e Holoceno. Para isso, analisar\u00e1 restos de pulgas-de-\u00e1gua (crust\u00e1ceos microsc\u00f3picos que vivem no fundo dos reservat\u00f3rios de \u00e1gua doce) em locais selecionados por meio de data\u00e7\u00e3o por radiocarbono e an\u00e1lise palinol\u00f3gica.<\/span><\/span><\/span><\/span><\/p>\n<p class=\"western\"><span style=\"color: #000000;\"><span style=\"font-family: Times New Roman, serif;\"><span style=\"font-size: medium;\"><span lang=\"pl-PL\">Este \u00faltimo m\u00e9todo permitir\u00e1 especificar dados paleoecol\u00f3gicos sobre epis\u00f3dios de transi\u00e7\u00e3o de condi\u00e7\u00f5es frias para quentes e vice-versa. A pesquisa tamb\u00e9m contribuir\u00e1 para um maior conhecimento sobre as condi\u00e7\u00f5es nas terras baixas placas no final do \u00faltimo per\u00edodo glacial e do Holoceno. <\/span><\/span><\/span><\/span><\/p>\n<p class=\"western\">\n","protected":false},"excerpt":{"rendered":"<p>No \u00e2mbito da Bolsa de Doutorado da Universidade de \u0141\u00f3d\u017a (U\u0141), Marta Rudna analisa a hist\u00f3ria das mudan\u00e7as geogr\u00e1ficas e biol\u00f3gicas que moldaram a Pol\u00f3nia ao longo de 2.000 anos, relata no Twitter Pawe\u0142 \u015apiechowicz, porta-voz da Universidade. Nos seus estudos de doutorado na Universidade de \u0141\u00f3d\u017a, Marta Rudna se concentra na reconstru\u00e7\u00e3o das r\u00e1pidas [&hellip;]<\/p>\n","protected":false},"author":6,"featured_media":255310,"comment_status":"closed","ping_status":"closed","sticky":false,"template":"","format":"standard","meta":[],"categories":[73],"tags":[],"_links":{"self":[{"href":"https:\/\/www.polishscience.pl\/pt-pt\/wp-json\/wp\/v2\/posts\/255556"}],"collection":[{"href":"https:\/\/www.polishscience.pl\/pt-pt\/wp-json\/wp\/v2\/posts"}],"about":[{"href":"https:\/\/www.polishscience.pl\/pt-pt\/wp-json\/wp\/v2\/types\/post"}],"author":[{"embeddable":true,"href":"https:\/\/www.polishscience.pl\/pt-pt\/wp-json\/wp\/v2\/users\/6"}],"replies":[{"embeddable":true,"href":"https:\/\/www.polishscience.pl\/pt-pt\/wp-json\/wp\/v2\/comments?post=255556"}],"version-history":[{"count":0,"href":"https:\/\/www.polishscience.pl\/pt-pt\/wp-json\/wp\/v2\/posts\/255556\/revisions"}],"wp:featuredmedia":[{"embeddable":true,"href":"https:\/\/www.polishscience.pl\/pt-pt\/wp-json\/wp\/v2\/media\/255310"}],"wp:attachment":[{"href":"https:\/\/www.polishscience.pl\/pt-pt\/wp-json\/wp\/v2\/media?parent=255556"}],"wp:term":[{"taxonomy":"category","embeddable":true,"href":"https:\/\/www.polishscience.pl\/pt-pt\/wp-json\/wp\/v2\/categories?post=255556"},{"taxonomy":"post_tag","embeddable":true,"href":"https:\/\/www.polishscience.pl\/pt-pt\/wp-json\/wp\/v2\/tags?post=255556"}],"curies":[{"name":"wp","href":"https:\/\/api.w.org\/{rel}","templated":true}]}}