{"id":254964,"date":"2022-12-13T16:14:36","date_gmt":"2022-12-13T15:14:36","guid":{"rendered":"https:\/\/polishscience.pl\/?p=254964"},"modified":"2022-12-13T16:14:36","modified_gmt":"2022-12-13T15:14:36","slug":"eleitos-os-vice-presidentes-da-academia-polaca-de-ciencias","status":"publish","type":"post","link":"https:\/\/www.polishscience.pl\/pt-pt\/eleitos-os-vice-presidentes-da-academia-polaca-de-ciencias\/","title":{"rendered":"Eleitos os vice-presidentes da Academia Polaca de Ci\u00eancias"},"content":{"rendered":"<p class=\"western\" lang=\"pl-PL\"><span style=\"font-family: Times New Roman, serif;\"><span style=\"font-size: medium;\"><b>Durante a 148.\u00aa Sess\u00e3o da Assembleia Geral da Academia Polaca das Ci\u00eancias (PAN), os acad\u00e9micos elegeram as pessoas que ir\u00e3o exercer as fun\u00e7\u00f5es de vice-presidentes da PAN nos pr\u00f3ximos quatro anos. Eles foram indicados pelo Prof. Marek Konarzewski, presidente eleito desta institui\u00e7\u00e3o. Os vice-presidentes s\u00e3o o Prof. Aleksander Welfe, a Dra. Miros\u0142awa Ostrowska, a Prof.<span lang=\"pt-PT\">\u00aa<\/span> Natalia Sobczak e o Prof. Dariusz Jemielniak.<\/b><\/span><\/span><\/p>\n<p class=\"western\" lang=\"pl-PL\"><span style=\"font-family: Times New Roman, serif;\"><span style=\"font-size: medium;\">O Presidente eleito Prof. Konarzewski selecionou os candidatos a vice-presidentes devido \u00e0s suas compet\u00eancias e experi\u00eancia nas seguintes \u00e1reas: desafios relacionados com a mudan\u00e7a pol\u00edtica e a nova lei da Academia Polaca das Ci\u00eancias; regulamenta\u00e7\u00e3o das conex\u00f5es entre a corpora\u00e7\u00e3o de cientistas e os institutos da Academia Polaca de Ci\u00eancias; a participa\u00e7\u00e3o da Academia Polaca das Ci\u00eancias no discurso social e na imagem da Academia; coopera\u00e7\u00e3o com o ambiente universit\u00e1rio.<\/span><\/span><\/p>\n<p class=\"western\" lang=\"pl-PL\"><span style=\"font-family: Times New Roman, serif;\"><span style=\"font-size: medium;\">O Prof. Welfe \u00e9 econometrista e macroeconomista. O Prof. Jemielniak \u00e9 um te\u00f3rico da administra\u00e7\u00e3o e da sociologia, a Dra. Ostrowska \u00e9 um ocean\u00f3logo que lida em particular com a biof\u00edsica e a \u00f3tica marinhas, enquanto a Prof.<span lang=\"pt-PT\">\u00aa<\/span> Sobczak investiga fen\u00f3menos de alta temperatura no campo da engenharia de metais l\u00edquidos, incluindo o desenvolvimento de uma nova gera\u00e7\u00e3o de materiais para a ind\u00fastria de energia. <\/span><\/span><\/p>\n","protected":false},"excerpt":{"rendered":"<p>Durante a 148.\u00aa Sess\u00e3o da Assembleia Geral da Academia Polaca das Ci\u00eancias (PAN), os acad\u00e9micos elegeram as pessoas que ir\u00e3o exercer as fun\u00e7\u00f5es de vice-presidentes da PAN nos pr\u00f3ximos quatro anos. Eles foram indicados pelo Prof. Marek Konarzewski, presidente eleito desta institui\u00e7\u00e3o. Os vice-presidentes s\u00e3o o Prof. Aleksander Welfe, a Dra. Miros\u0142awa Ostrowska, a Prof.\u00aa [&hellip;]<\/p>\n","protected":false},"author":6,"featured_media":254793,"comment_status":"closed","ping_status":"closed","sticky":false,"template":"","format":"standard","meta":[],"categories":[73],"tags":[],"_links":{"self":[{"href":"https:\/\/www.polishscience.pl\/pt-pt\/wp-json\/wp\/v2\/posts\/254964"}],"collection":[{"href":"https:\/\/www.polishscience.pl\/pt-pt\/wp-json\/wp\/v2\/posts"}],"about":[{"href":"https:\/\/www.polishscience.pl\/pt-pt\/wp-json\/wp\/v2\/types\/post"}],"author":[{"embeddable":true,"href":"https:\/\/www.polishscience.pl\/pt-pt\/wp-json\/wp\/v2\/users\/6"}],"replies":[{"embeddable":true,"href":"https:\/\/www.polishscience.pl\/pt-pt\/wp-json\/wp\/v2\/comments?post=254964"}],"version-history":[{"count":0,"href":"https:\/\/www.polishscience.pl\/pt-pt\/wp-json\/wp\/v2\/posts\/254964\/revisions"}],"wp:featuredmedia":[{"embeddable":true,"href":"https:\/\/www.polishscience.pl\/pt-pt\/wp-json\/wp\/v2\/media\/254793"}],"wp:attachment":[{"href":"https:\/\/www.polishscience.pl\/pt-pt\/wp-json\/wp\/v2\/media?parent=254964"}],"wp:term":[{"taxonomy":"category","embeddable":true,"href":"https:\/\/www.polishscience.pl\/pt-pt\/wp-json\/wp\/v2\/categories?post=254964"},{"taxonomy":"post_tag","embeddable":true,"href":"https:\/\/www.polishscience.pl\/pt-pt\/wp-json\/wp\/v2\/tags?post=254964"}],"curies":[{"name":"wp","href":"https:\/\/api.w.org\/{rel}","templated":true}]}}