{"id":254714,"date":"2022-12-12T15:13:06","date_gmt":"2022-12-12T14:13:06","guid":{"rendered":"https:\/\/polishscience.pl\/?p=254714"},"modified":"2022-12-12T15:13:06","modified_gmt":"2022-12-12T14:13:06","slug":"universidade-tecnologica-de-lublin-quer-se-juntar-a-universidade-tecnologica-europeia","status":"publish","type":"post","link":"https:\/\/www.polishscience.pl\/pt-pt\/universidade-tecnologica-de-lublin-quer-se-juntar-a-universidade-tecnologica-europeia\/","title":{"rendered":"Universidade Tecnol\u00f3gica de Lublin quer se juntar \u00e0 Universidade Tecnol\u00f3gica Europeia"},"content":{"rendered":"<p class=\"western\" lang=\"zxx\"><span style=\"font-family: Times New Roman, serif;\"><span style=\"font-size: medium;\"><b>O reitor da Universidade Tecnol\u00f3gica de Lublin (PL), o Prof. Dr. Eng. Zbigniew Pater, durante uma videoconfer\u00eancia com Timoth\u00e9e Toury, diretor-geral da Universidade Tecnol\u00f3gica Europeia (EUt+), apresentou a candidatura da PL a membro deste cons\u00f3rcio.<\/b><\/span><\/span><\/p>\n<p class=\"western\" lang=\"zxx\"><span style=\"font-family: Times New Roman, serif;\"><span style=\"font-size: medium;\">O Prof. Zbigniew Pater, apresentando a candidatura da Universidade Tecnol\u00f3gica de Lublin, destacou as principais conquistas da universidade at\u00e9 o momento, incluindo os resultados da \u00faltima avalia\u00e7\u00e3o da atividade cient\u00edfica, demonstrando o alto n\u00edvel de pesquisa realizada pelos funcion\u00e1rios da PL.<\/span><\/span><\/p>\n<p class=\"western\" lang=\"zxx\"><span style=\"font-family: Times New Roman, serif;\"><span style=\"font-size: medium;\">A Universidade Tecnol\u00f3gica Europeia \u00e9 atualmente constitu\u00edda por 8 entidades de 8 pa\u00edses da Uni\u00e3o Europeia (Chipre, Espanha, Bulg\u00e1ria, Fran\u00e7a, Let\u00f3nia, Irlanda, Rom\u00e9nia e Holanda), que no total contam com 100.000 alunos.<\/span><\/span><\/p>\n<p class=\"western\" lang=\"zxx\"><span style=\"font-family: Times New Roman, serif;\"><span style=\"font-size: medium;\">A admiss\u00e3o do PL no grupo de membros da EUt+ permitiria a coopera\u00e7\u00e3o com os membros do cons\u00f3rcio no dom\u00ednio da ci\u00eancia e do ensino e, futuramente, a emiss\u00e3o de um diploma de conclus\u00e3o de curso conjunto.<\/span><\/span><\/p>\n<p class=\"western\" lang=\"zxx\">\n","protected":false},"excerpt":{"rendered":"<p>O reitor da Universidade Tecnol\u00f3gica de Lublin (PL), o Prof. Dr. Eng. Zbigniew Pater, durante uma videoconfer\u00eancia com Timoth\u00e9e Toury, diretor-geral da Universidade Tecnol\u00f3gica Europeia (EUt+), apresentou a candidatura da PL a membro deste cons\u00f3rcio. O Prof. Zbigniew Pater, apresentando a candidatura da Universidade Tecnol\u00f3gica de Lublin, destacou as principais conquistas da universidade at\u00e9 o [&hellip;]<\/p>\n","protected":false},"author":6,"featured_media":254456,"comment_status":"closed","ping_status":"closed","sticky":false,"template":"","format":"standard","meta":[],"categories":[67],"tags":[],"_links":{"self":[{"href":"https:\/\/www.polishscience.pl\/pt-pt\/wp-json\/wp\/v2\/posts\/254714"}],"collection":[{"href":"https:\/\/www.polishscience.pl\/pt-pt\/wp-json\/wp\/v2\/posts"}],"about":[{"href":"https:\/\/www.polishscience.pl\/pt-pt\/wp-json\/wp\/v2\/types\/post"}],"author":[{"embeddable":true,"href":"https:\/\/www.polishscience.pl\/pt-pt\/wp-json\/wp\/v2\/users\/6"}],"replies":[{"embeddable":true,"href":"https:\/\/www.polishscience.pl\/pt-pt\/wp-json\/wp\/v2\/comments?post=254714"}],"version-history":[{"count":0,"href":"https:\/\/www.polishscience.pl\/pt-pt\/wp-json\/wp\/v2\/posts\/254714\/revisions"}],"wp:featuredmedia":[{"embeddable":true,"href":"https:\/\/www.polishscience.pl\/pt-pt\/wp-json\/wp\/v2\/media\/254456"}],"wp:attachment":[{"href":"https:\/\/www.polishscience.pl\/pt-pt\/wp-json\/wp\/v2\/media?parent=254714"}],"wp:term":[{"taxonomy":"category","embeddable":true,"href":"https:\/\/www.polishscience.pl\/pt-pt\/wp-json\/wp\/v2\/categories?post=254714"},{"taxonomy":"post_tag","embeddable":true,"href":"https:\/\/www.polishscience.pl\/pt-pt\/wp-json\/wp\/v2\/tags?post=254714"}],"curies":[{"name":"wp","href":"https:\/\/api.w.org\/{rel}","templated":true}]}}