{"id":254713,"date":"2022-12-12T15:12:54","date_gmt":"2022-12-12T14:12:54","guid":{"rendered":"https:\/\/polishscience.pl\/?p=254713"},"modified":"2022-12-12T15:12:54","modified_gmt":"2022-12-12T14:12:54","slug":"o-direito-a-violencia-aspetos-juridicos-da-guerra-a-segunda-reuniao-do-areopago-das-universidades","status":"publish","type":"post","link":"https:\/\/www.polishscience.pl\/pt-pt\/o-direito-a-violencia-aspetos-juridicos-da-guerra-a-segunda-reuniao-do-areopago-das-universidades\/","title":{"rendered":"&#8220;O direito \u00e0 viol\u00eancia? Aspetos jur\u00eddicos da guerra&#8221;. A segunda reuni\u00e3o do Are\u00f3pago das Universidades"},"content":{"rendered":"<p class=\"western\" lang=\"zxx\"><span style=\"font-family: Times New Roman, serif;\"><span style=\"font-size: medium;\"><b>No dia 15 de dezembro de 2022, a Universidade Jaguel\u00f4nica em Crac\u00f3via sediar\u00e1 a segunda reuni\u00e3o do Are\u00f3pago das Universidades na s\u00e9rie de debates &#8220;Universidade e Guerra&#8221;, cujo tema principal \u00e9 a agress\u00e3o da R\u00fassia contra a Ucr\u00e2nia com todas as suas consequ\u00eancias para a Pol\u00f3nia e o mundo.<\/b><\/span><\/span><\/p>\n<p class=\"western\" lang=\"zxx\"><span style=\"font-family: Times New Roman, serif;\"><span style=\"font-size: medium;\">O Are\u00f3pago das Universidades est\u00e1 integrado por representantes das maiores universidades polacas: a Universidade de Vars\u00f3via, a Universidade Jaguel\u00f4nica e a Universidade Adam Mickiewicz de Pozna\u0144 e a iniciadora do projeto, a Universidade Cat\u00f3lica de Lublin. Al\u00e9m disso, o debate &#8220;Direito \u00e0 viol\u00eancia? Aspetos jur\u00eddicos da guerra&#8221; contar\u00e1 com a presen\u00e7a de um especialista da Universidade da Sil\u00e9sia.<\/span><\/span><\/p>\n<p class=\"western\" lang=\"zxx\"><span style=\"font-family: Times New Roman, serif;\"><span style=\"font-size: medium;\">A ideia principal do Are\u00f3pago das Universidades, avalizado pela Confer\u00eancia Polaca de Reitores das Escolas Acad\u00e9micas, \u00e9 realizar um debate p\u00fablico sobre os desafios atuais no espa\u00e7o universit\u00e1rio. <\/span><\/span><\/p>\n<p class=\"western\" lang=\"zxx\">\n","protected":false},"excerpt":{"rendered":"<p>No dia 15 de dezembro de 2022, a Universidade Jaguel\u00f4nica em Crac\u00f3via sediar\u00e1 a segunda reuni\u00e3o do Are\u00f3pago das Universidades na s\u00e9rie de debates &#8220;Universidade e Guerra&#8221;, cujo tema principal \u00e9 a agress\u00e3o da R\u00fassia contra a Ucr\u00e2nia com todas as suas consequ\u00eancias para a Pol\u00f3nia e o mundo. O Are\u00f3pago das Universidades est\u00e1 integrado [&hellip;]<\/p>\n","protected":false},"author":6,"featured_media":254446,"comment_status":"closed","ping_status":"closed","sticky":false,"template":"","format":"standard","meta":[],"categories":[73],"tags":[],"_links":{"self":[{"href":"https:\/\/www.polishscience.pl\/pt-pt\/wp-json\/wp\/v2\/posts\/254713"}],"collection":[{"href":"https:\/\/www.polishscience.pl\/pt-pt\/wp-json\/wp\/v2\/posts"}],"about":[{"href":"https:\/\/www.polishscience.pl\/pt-pt\/wp-json\/wp\/v2\/types\/post"}],"author":[{"embeddable":true,"href":"https:\/\/www.polishscience.pl\/pt-pt\/wp-json\/wp\/v2\/users\/6"}],"replies":[{"embeddable":true,"href":"https:\/\/www.polishscience.pl\/pt-pt\/wp-json\/wp\/v2\/comments?post=254713"}],"version-history":[{"count":0,"href":"https:\/\/www.polishscience.pl\/pt-pt\/wp-json\/wp\/v2\/posts\/254713\/revisions"}],"wp:featuredmedia":[{"embeddable":true,"href":"https:\/\/www.polishscience.pl\/pt-pt\/wp-json\/wp\/v2\/media\/254446"}],"wp:attachment":[{"href":"https:\/\/www.polishscience.pl\/pt-pt\/wp-json\/wp\/v2\/media?parent=254713"}],"wp:term":[{"taxonomy":"category","embeddable":true,"href":"https:\/\/www.polishscience.pl\/pt-pt\/wp-json\/wp\/v2\/categories?post=254713"},{"taxonomy":"post_tag","embeddable":true,"href":"https:\/\/www.polishscience.pl\/pt-pt\/wp-json\/wp\/v2\/tags?post=254713"}],"curies":[{"name":"wp","href":"https:\/\/api.w.org\/{rel}","templated":true}]}}