{"id":252260,"date":"2022-11-29T16:17:02","date_gmt":"2022-11-29T15:17:02","guid":{"rendered":"https:\/\/polishscience.pl\/?p=252260"},"modified":"2022-11-29T16:17:02","modified_gmt":"2022-11-29T15:17:02","slug":"comeca-a-vi-edicao-da-legiao-academica","status":"publish","type":"post","link":"https:\/\/www.polishscience.pl\/pt-pt\/comeca-a-vi-edicao-da-legiao-academica\/","title":{"rendered":"Come\u00e7a a VI edi\u00e7\u00e3o da Legi\u00e3o Acad\u00e9mica"},"content":{"rendered":"<p class=\"western\" lang=\"pl-PL\"><span style=\"font-family: Times New Roman, serif;\"><span style=\"font-size: medium;\"><b>O Minist\u00e9rio da Defesa Nacional convocou a VI edi\u00e7\u00e3o do programa de forma\u00e7\u00e3o militar volunt\u00e1ria para estudantes, &#8220;Escola da Legi\u00e3o Acad\u00e9mica&#8221;.<\/b><\/span><\/span><\/p>\n<p class=\"western\" lang=\"pl-PL\"><span style=\"font-family: Times New Roman, serif;\"><span style=\"font-size: medium;\">O programa \u00e9 constitu\u00eddo por uma parte te\u00f3rica e uma parte pr\u00e1tica, e tem por finalidade angariar recursos treinados junto dos militares da reserva para as necessidades de complemento das For\u00e7as Armadas da Rep\u00fablica da Pol\u00f3nia no corpo de: pra\u00e7as, suboficiais e oficiais.<\/span><\/span><\/p>\n<p class=\"western\" lang=\"pl-PL\"><span style=\"font-family: Times New Roman, serif;\"><span style=\"font-size: medium;\">Estudantes ou graduados de universidades p\u00fablicas e n\u00e3o p\u00fablicas (estudos extramuros de primeiro e segundo ciclo em per\u00edodo integral) com cidadania polaca podem participar.<\/span><\/span><\/p>\n<p class=\"western\" lang=\"pl-PL\"><span style=\"font-family: Times New Roman, serif;\"><span style=\"font-size: medium;\">A ideia de treino volunt\u00e1rio para alunos foi reintroduzida em 2017. Desde ent\u00e3o, todos os anos, v\u00e1rios milhares de alunos participam de treino militar.<\/span><\/span><\/p>\n<p class=\"western\" lang=\"pl-PL\"><span style=\"font-family: Times New Roman, serif;\"><span style=\"font-size: medium;\">Mais:<\/span><\/span><\/p>\n<p class=\"western\" lang=\"pl-PL\"><span style=\"font-family: Times New Roman, serif;\"><span style=\"font-size: medium;\"><a href=\"https:\/\/www.wojsko-polskie.pl\/legia-akademicka\/\">https:\/\/www.wojsko-polskie.pl\/legia-akademicka\/<\/a><\/span><\/span><\/p>\n","protected":false},"excerpt":{"rendered":"<p>O Minist\u00e9rio da Defesa Nacional convocou a VI edi\u00e7\u00e3o do programa de forma\u00e7\u00e3o militar volunt\u00e1ria para estudantes, &#8220;Escola da Legi\u00e3o Acad\u00e9mica&#8221;. O programa \u00e9 constitu\u00eddo por uma parte te\u00f3rica e uma parte pr\u00e1tica, e tem por finalidade angariar recursos treinados junto dos militares da reserva para as necessidades de complemento das For\u00e7as Armadas da Rep\u00fablica [&hellip;]<\/p>\n","protected":false},"author":6,"featured_media":252118,"comment_status":"closed","ping_status":"closed","sticky":false,"template":"","format":"standard","meta":[],"categories":[73],"tags":[],"_links":{"self":[{"href":"https:\/\/www.polishscience.pl\/pt-pt\/wp-json\/wp\/v2\/posts\/252260"}],"collection":[{"href":"https:\/\/www.polishscience.pl\/pt-pt\/wp-json\/wp\/v2\/posts"}],"about":[{"href":"https:\/\/www.polishscience.pl\/pt-pt\/wp-json\/wp\/v2\/types\/post"}],"author":[{"embeddable":true,"href":"https:\/\/www.polishscience.pl\/pt-pt\/wp-json\/wp\/v2\/users\/6"}],"replies":[{"embeddable":true,"href":"https:\/\/www.polishscience.pl\/pt-pt\/wp-json\/wp\/v2\/comments?post=252260"}],"version-history":[{"count":0,"href":"https:\/\/www.polishscience.pl\/pt-pt\/wp-json\/wp\/v2\/posts\/252260\/revisions"}],"wp:featuredmedia":[{"embeddable":true,"href":"https:\/\/www.polishscience.pl\/pt-pt\/wp-json\/wp\/v2\/media\/252118"}],"wp:attachment":[{"href":"https:\/\/www.polishscience.pl\/pt-pt\/wp-json\/wp\/v2\/media?parent=252260"}],"wp:term":[{"taxonomy":"category","embeddable":true,"href":"https:\/\/www.polishscience.pl\/pt-pt\/wp-json\/wp\/v2\/categories?post=252260"},{"taxonomy":"post_tag","embeddable":true,"href":"https:\/\/www.polishscience.pl\/pt-pt\/wp-json\/wp\/v2\/tags?post=252260"}],"curies":[{"name":"wp","href":"https:\/\/api.w.org\/{rel}","templated":true}]}}