{"id":245605,"date":"2022-10-19T16:29:11","date_gmt":"2022-10-19T14:29:11","guid":{"rendered":"https:\/\/polishscience.pl\/?p=245605"},"modified":"2022-10-19T16:29:11","modified_gmt":"2022-10-19T14:29:11","slug":"estudos-biblicos-e-ciencias-da-familia-novos-campos-e-disciplinas-cientificas","status":"publish","type":"post","link":"https:\/\/www.polishscience.pl\/pt-pt\/estudos-biblicos-e-ciencias-da-familia-novos-campos-e-disciplinas-cientificas\/","title":{"rendered":"Estudos b\u00edblicos e ci\u00eancias da fam\u00edlia &#8211; novos campos e disciplinas cient\u00edficas"},"content":{"rendered":"<p class=\"western\" lang=\"pl-PL\"><span style=\"font-family: Times New Roman, serif;\"><span style=\"font-size: medium;\"><b>&#8220;Assinei um regulamento no qual estabelecemos novos campos e disciplinas, incluindo estudos b\u00edblicos e estudos de fam\u00edlia&#8221;, informou o ministro da Educa\u00e7\u00e3o e Ci\u00eancia, Przemys\u0142aw Czarnek, durante a cerim\u00f3nia de abertura do novo ano acad\u00e9mico 2022\/2023 na Universidade Cat\u00f3lica de Lublin.<\/b><\/span><\/span><\/p>\n<p class=\"western\" lang=\"pl-PL\"><span style=\"font-family: Times New Roman, serif;\"><span style=\"font-size: medium;\">O ministro enfatizou que estudos b\u00edblicos e estudos em fam\u00edlia &#8220;s\u00e3o especialmente necess\u00e1rios na Pol\u00f3nia&#8221;.<\/span><\/span><\/p>\n<p class=\"western\" lang=\"pl-PL\"><span style=\"font-family: Times New Roman, serif;\"><span style=\"font-size: medium;\">&#8220;Queremos fortalecer os estudos b\u00edblicos polacos para ser criado na Pol\u00f3nia um centro semelhante ao de Jerusal\u00e9m, Su\u00ed\u00e7a ou os Estados Unidos. Temos esse potencial e esse potencial est\u00e1 aqui na Universidade Cat\u00f3lica de Lublin. Aqui tamb\u00e9m h\u00e1 grande potencial para o campo das ci\u00eancias da fam\u00edlia continua a se desenvolver&#8221;, acrescentou o ministro Czarnek.<\/span><\/span><\/p>\n<p class=\"western\" lang=\"pl-PL\"><span style=\"font-family: Times New Roman, serif;\"><span style=\"font-size: medium;\">Segundo o ministro, &#8220;precisamos encontrar novamente a verdade sobre a fam\u00edlia e mostrar essa verdade \u00e0 sociedade, porque sem ela, todos os nossos esfor\u00e7os, todo esse desenvolvimento da Universidade Cat\u00f3lica de Lublin ser\u00e1 in\u00fatil&#8221; &#8220;Sem fam\u00edlia, daqui a 50 anos n\u00e3o existiremos&#8221;, frisou.<\/span><\/span><\/p>\n<p class=\"western\" lang=\"pl-PL\">\n","protected":false},"excerpt":{"rendered":"<p>&#8220;Assinei um regulamento no qual estabelecemos novos campos e disciplinas, incluindo estudos b\u00edblicos e estudos de fam\u00edlia&#8221;, informou o ministro da Educa\u00e7\u00e3o e Ci\u00eancia, Przemys\u0142aw Czarnek, durante a cerim\u00f3nia de abertura do novo ano acad\u00e9mico 2022\/2023 na Universidade Cat\u00f3lica de Lublin. O ministro enfatizou que estudos b\u00edblicos e estudos em fam\u00edlia &#8220;s\u00e3o especialmente necess\u00e1rios na [&hellip;]<\/p>\n","protected":false},"author":6,"featured_media":245451,"comment_status":"closed","ping_status":"closed","sticky":false,"template":"","format":"standard","meta":[],"categories":[67],"tags":[],"_links":{"self":[{"href":"https:\/\/www.polishscience.pl\/pt-pt\/wp-json\/wp\/v2\/posts\/245605"}],"collection":[{"href":"https:\/\/www.polishscience.pl\/pt-pt\/wp-json\/wp\/v2\/posts"}],"about":[{"href":"https:\/\/www.polishscience.pl\/pt-pt\/wp-json\/wp\/v2\/types\/post"}],"author":[{"embeddable":true,"href":"https:\/\/www.polishscience.pl\/pt-pt\/wp-json\/wp\/v2\/users\/6"}],"replies":[{"embeddable":true,"href":"https:\/\/www.polishscience.pl\/pt-pt\/wp-json\/wp\/v2\/comments?post=245605"}],"version-history":[{"count":0,"href":"https:\/\/www.polishscience.pl\/pt-pt\/wp-json\/wp\/v2\/posts\/245605\/revisions"}],"wp:featuredmedia":[{"embeddable":true,"href":"https:\/\/www.polishscience.pl\/pt-pt\/wp-json\/wp\/v2\/media\/245451"}],"wp:attachment":[{"href":"https:\/\/www.polishscience.pl\/pt-pt\/wp-json\/wp\/v2\/media?parent=245605"}],"wp:term":[{"taxonomy":"category","embeddable":true,"href":"https:\/\/www.polishscience.pl\/pt-pt\/wp-json\/wp\/v2\/categories?post=245605"},{"taxonomy":"post_tag","embeddable":true,"href":"https:\/\/www.polishscience.pl\/pt-pt\/wp-json\/wp\/v2\/tags?post=245605"}],"curies":[{"name":"wp","href":"https:\/\/api.w.org\/{rel}","templated":true}]}}