{"id":245117,"date":"2022-10-17T16:00:01","date_gmt":"2022-10-17T14:00:01","guid":{"rendered":"https:\/\/polishscience.pl\/?p=245117"},"modified":"2022-10-17T16:00:01","modified_gmt":"2022-10-17T14:00:01","slug":"universidade-jaguelonica-da-terceira-idade-inaugura-o-41-o-ano-letivo-da-sua-historia","status":"publish","type":"post","link":"https:\/\/www.polishscience.pl\/pt-pt\/universidade-jaguelonica-da-terceira-idade-inaugura-o-41-o-ano-letivo-da-sua-historia\/","title":{"rendered":"Universidade Jaguel\u00f4nica da Terceira Idade inaugura o 41.\u00ba ano letivo da sua hist\u00f3ria"},"content":{"rendered":"<p class=\"western\" lang=\"pl-PL\"><span style=\"font-family: Times New Roman, serif;\"><span style=\"font-size: medium;\"><b>O Audit\u00f3rio M\u00e1ximo da Universidade Jaguel\u00f4nica (JU) em Crac\u00f3via sediou a cerim\u00f3nia de abertura do 41.\u00ba ano letivo da Universidade Jaguel\u00f4nica da Terceira Idade (JUTW).<\/b><\/span><\/span><\/p>\n<p class=\"western\" lang=\"pl-PL\"><span style=\"font-family: Times New Roman, serif;\"><span style=\"font-size: medium;\">A partir deste ano, as aulas na JUTW v\u00e3o decorrer de forma h\u00edbrida: as palestras organizadas em aula estar\u00e3o tamb\u00e9m dispon\u00edveis online, permitindo que pessoas que por diversos motivos n\u00e3o aparecessem dentro dos muros da universidade, possam participar nas aulas, informa a UJ.<\/span><\/span><\/p>\n<p class=\"western\" lang=\"pl-PL\"><span style=\"font-family: Times New Roman, serif;\"><span style=\"font-size: medium;\">Como a diretora da JUTW, Ewa Pi\u0142at, destacou no seu discurso, a Universidade Jaguel\u00f4nica da Terceira Idade conseguiu com relativa rapidez convencer os seus alunos mais velhos a usar ferramentas que permitiriam o ensino \u00e0 dist\u00e2ncia e, assim, como talvez a \u00fanica institui\u00e7\u00e3o do g\u00e9nero na Pol\u00f3nia, na maioria reconstruiu o n\u00famero de alunos antes da pandemia.<\/span><\/span><\/p>\n<p class=\"western\" lang=\"pl-PL\"><span style=\"font-family: Times New Roman, serif;\"><span style=\"font-size: medium;\">O vice-reitor para Pesquisa da Universidade Jaguel\u00f4nica, o Prof. Piotr Ku\u015btrowski, destacou que a atividade docente da Universidade \u00e9 uma da suas miss\u00f5es b\u00e1sicas, e os alunos da Universidade da Terceira Idade constituem um grupo que \u00e9 sob cuidados especiais.<\/span><\/span><\/p>\n<p class=\"western\" lang=\"pl-PL\">\n","protected":false},"excerpt":{"rendered":"<p>O Audit\u00f3rio M\u00e1ximo da Universidade Jaguel\u00f4nica (JU) em Crac\u00f3via sediou a cerim\u00f3nia de abertura do 41.\u00ba ano letivo da Universidade Jaguel\u00f4nica da Terceira Idade (JUTW). A partir deste ano, as aulas na JUTW v\u00e3o decorrer de forma h\u00edbrida: as palestras organizadas em aula estar\u00e3o tamb\u00e9m dispon\u00edveis online, permitindo que pessoas que por diversos motivos n\u00e3o [&hellip;]<\/p>\n","protected":false},"author":6,"featured_media":244940,"comment_status":"closed","ping_status":"closed","sticky":false,"template":"","format":"standard","meta":[],"categories":[67],"tags":[],"_links":{"self":[{"href":"https:\/\/www.polishscience.pl\/pt-pt\/wp-json\/wp\/v2\/posts\/245117"}],"collection":[{"href":"https:\/\/www.polishscience.pl\/pt-pt\/wp-json\/wp\/v2\/posts"}],"about":[{"href":"https:\/\/www.polishscience.pl\/pt-pt\/wp-json\/wp\/v2\/types\/post"}],"author":[{"embeddable":true,"href":"https:\/\/www.polishscience.pl\/pt-pt\/wp-json\/wp\/v2\/users\/6"}],"replies":[{"embeddable":true,"href":"https:\/\/www.polishscience.pl\/pt-pt\/wp-json\/wp\/v2\/comments?post=245117"}],"version-history":[{"count":0,"href":"https:\/\/www.polishscience.pl\/pt-pt\/wp-json\/wp\/v2\/posts\/245117\/revisions"}],"wp:featuredmedia":[{"embeddable":true,"href":"https:\/\/www.polishscience.pl\/pt-pt\/wp-json\/wp\/v2\/media\/244940"}],"wp:attachment":[{"href":"https:\/\/www.polishscience.pl\/pt-pt\/wp-json\/wp\/v2\/media?parent=245117"}],"wp:term":[{"taxonomy":"category","embeddable":true,"href":"https:\/\/www.polishscience.pl\/pt-pt\/wp-json\/wp\/v2\/categories?post=245117"},{"taxonomy":"post_tag","embeddable":true,"href":"https:\/\/www.polishscience.pl\/pt-pt\/wp-json\/wp\/v2\/tags?post=245117"}],"curies":[{"name":"wp","href":"https:\/\/api.w.org\/{rel}","templated":true}]}}