{"id":243644,"date":"2022-10-10T15:53:11","date_gmt":"2022-10-10T13:53:11","guid":{"rendered":"https:\/\/polishscience.pl\/?p=243644"},"modified":"2022-10-10T15:55:34","modified_gmt":"2022-10-10T13:55:34","slug":"inauguracao-da-estacao-de-pesquisa-e-do-centro-de-ensino-e-treino-em-equitacao-e-hipoterapia-em-lublin","status":"publish","type":"post","link":"https:\/\/www.polishscience.pl\/pt-pt\/inauguracao-da-estacao-de-pesquisa-e-do-centro-de-ensino-e-treino-em-equitacao-e-hipoterapia-em-lublin\/","title":{"rendered":"Inaugura\u00e7\u00e3o da Esta\u00e7\u00e3o de Pesquisa e do Centro de Ensino e Treino em Equita\u00e7\u00e3o e Hipoterapia em Lublin"},"content":{"rendered":"<p class=\"western\"><span style=\"font-family: Times New Roman, serif;\"><span style=\"font-size: medium;\"><b>A Universidade de Ci\u00eancias da Vida em Lublin abriu a Esta\u00e7\u00e3o de Pesquisa e o Centro de Ensino e Treino em Equita\u00e7\u00e3o e Hipoterapia. O evento contou com a presen\u00e7a do Ministro da Educa\u00e7\u00e3o e Ci\u00eancia, Przemys\u0142aw Czarnek.<\/b><\/span><\/span><\/p>\n<p class=\"western\"><span style=\"font-family: Times New Roman, serif;\"><span style=\"font-size: medium;\">A nova instala\u00e7\u00e3o foi dividida em v\u00e1rias partes. Possui um picadeiro coberto com uma \u00e1rea superior a 2.000 metros quadrados, com uma superf\u00edcie profissional para equita\u00e7\u00e3o, que permite a organiza\u00e7\u00e3o de competi\u00e7\u00f5es equestres nacionais e internacionais.<\/span><\/span><\/p>\n<p class=\"western\"><span style=\"font-family: Times New Roman, serif;\"><span style=\"font-size: medium;\">O edif\u00edcio tem uma sec\u00e7\u00e3o did\u00e1tica separada com uma sala de confer\u00eancias multim\u00e9dia com vista para o picadeiro coberto. Al\u00e9m das aulas pedag\u00f3gicas, o espa\u00e7o receber\u00e1 competi\u00e7\u00f5es equestres nas disciplinas de adestramento e salto<\/span><\/span><\/p>\n<p class=\"western\"><span style=\"font-family: Times New Roman, serif;\"><span style=\"font-size: medium;\">A infraestrutura do Centro tamb\u00e9m oferece a possibilidade de organizar atividades de terapia animal, apoiando o tratamento e reabilita\u00e7\u00e3o de crian\u00e7as e adultos, utilizando diversas esp\u00e9cies animais como cavalos, c\u00e3es, alpacas e burros.<\/span><\/span><\/p>\n","protected":false},"excerpt":{"rendered":"<p>A Universidade de Ci\u00eancias da Vida em Lublin abriu a Esta\u00e7\u00e3o de Pesquisa e o Centro de Ensino e Treino em Equita\u00e7\u00e3o e Hipoterapia. O evento contou com a presen\u00e7a do Ministro da Educa\u00e7\u00e3o e Ci\u00eancia, Przemys\u0142aw Czarnek. A nova instala\u00e7\u00e3o foi dividida em v\u00e1rias partes. Possui um picadeiro coberto com uma \u00e1rea superior a [&hellip;]<\/p>\n","protected":false},"author":6,"featured_media":243440,"comment_status":"closed","ping_status":"closed","sticky":false,"template":"","format":"standard","meta":[],"categories":[67],"tags":[],"_links":{"self":[{"href":"https:\/\/www.polishscience.pl\/pt-pt\/wp-json\/wp\/v2\/posts\/243644"}],"collection":[{"href":"https:\/\/www.polishscience.pl\/pt-pt\/wp-json\/wp\/v2\/posts"}],"about":[{"href":"https:\/\/www.polishscience.pl\/pt-pt\/wp-json\/wp\/v2\/types\/post"}],"author":[{"embeddable":true,"href":"https:\/\/www.polishscience.pl\/pt-pt\/wp-json\/wp\/v2\/users\/6"}],"replies":[{"embeddable":true,"href":"https:\/\/www.polishscience.pl\/pt-pt\/wp-json\/wp\/v2\/comments?post=243644"}],"version-history":[{"count":0,"href":"https:\/\/www.polishscience.pl\/pt-pt\/wp-json\/wp\/v2\/posts\/243644\/revisions"}],"wp:featuredmedia":[{"embeddable":true,"href":"https:\/\/www.polishscience.pl\/pt-pt\/wp-json\/wp\/v2\/media\/243440"}],"wp:attachment":[{"href":"https:\/\/www.polishscience.pl\/pt-pt\/wp-json\/wp\/v2\/media?parent=243644"}],"wp:term":[{"taxonomy":"category","embeddable":true,"href":"https:\/\/www.polishscience.pl\/pt-pt\/wp-json\/wp\/v2\/categories?post=243644"},{"taxonomy":"post_tag","embeddable":true,"href":"https:\/\/www.polishscience.pl\/pt-pt\/wp-json\/wp\/v2\/tags?post=243644"}],"curies":[{"name":"wp","href":"https:\/\/api.w.org\/{rel}","templated":true}]}}