{"id":243346,"date":"2022-10-07T09:37:41","date_gmt":"2022-10-07T07:37:41","guid":{"rendered":"https:\/\/polishscience.pl\/?p=243346"},"modified":"2022-10-07T09:37:48","modified_gmt":"2022-10-07T07:37:48","slug":"inauguracao-da-faculdade-de-medicina-da-universidade-catolica-de-lublin","status":"publish","type":"post","link":"https:\/\/www.polishscience.pl\/pt-pt\/inauguracao-da-faculdade-de-medicina-da-universidade-catolica-de-lublin\/","title":{"rendered":"Inaugura\u00e7\u00e3o da Faculdade de Medicina da Universidade Cat\u00f3lica de Lublin"},"content":{"rendered":"<p class=\"western\"><span style=\"font-family: Times New Roman, serif;\"><span style=\"font-size: medium;\"><span lang=\"pl-PL\"><b>&#8220;Queremos ver a pessoa, na sua totalidade, aspeto som\u00e1tico, mental e espiritual&#8221;, disse o reitor da Universidade Cat\u00f3lica de Lublin (KUL), o Prof. p. Miros\u0142aw Kalinowski durante a cerim\u00f3nia de abertura da Faculdade de Medicina.<\/b><\/span><\/span><\/span><\/p>\n<p class=\"western\"><span style=\"font-family: Times New Roman, serif;\"><span style=\"font-size: medium;\"><span lang=\"pl-PL\">A forma\u00e7\u00e3o em obstetr\u00edcia, enfermagem, biotecnologia e diet\u00e9tica j\u00e1 \u00e9 realizada nesta nova unidade, e a partir de outubro de 2023 tamb\u00e9m em medicina.<\/span><\/span><\/span><\/p>\n<p class=\"western\"><span style=\"font-family: Times New Roman, serif;\"><span style=\"font-size: medium;\"><span lang=\"pl-PL\">O apoio \u00e0 nova Faculdade foi declarado pelo Ministro da Sa\u00fade, Adam Niedzielski, que observou que o aumento do n\u00famero de estudantes de medicina se traduziria numa melhor disponibilidade de pacientes para um m\u00e9dico no futuro. Ele tamb\u00e9m anunciou que o Minist\u00e9rio da Sa\u00fade apoiar\u00e1 o Departamento M\u00e9dico da Universidade Cat\u00f3lica de Lublin no valor de 40 milh\u00f5es de zl\u00f3tis.<\/span><\/span><\/span><\/p>\n<p class=\"western\">\n","protected":false},"excerpt":{"rendered":"<p>&#8220;Queremos ver a pessoa, na sua totalidade, aspeto som\u00e1tico, mental e espiritual&#8221;, disse o reitor da Universidade Cat\u00f3lica de Lublin (KUL), o Prof. p. Miros\u0142aw Kalinowski durante a cerim\u00f3nia de abertura da Faculdade de Medicina. A forma\u00e7\u00e3o em obstetr\u00edcia, enfermagem, biotecnologia e diet\u00e9tica j\u00e1 \u00e9 realizada nesta nova unidade, e a partir de outubro de [&hellip;]<\/p>\n","protected":false},"author":6,"featured_media":243206,"comment_status":"closed","ping_status":"closed","sticky":false,"template":"","format":"standard","meta":[],"categories":[67],"tags":[],"_links":{"self":[{"href":"https:\/\/www.polishscience.pl\/pt-pt\/wp-json\/wp\/v2\/posts\/243346"}],"collection":[{"href":"https:\/\/www.polishscience.pl\/pt-pt\/wp-json\/wp\/v2\/posts"}],"about":[{"href":"https:\/\/www.polishscience.pl\/pt-pt\/wp-json\/wp\/v2\/types\/post"}],"author":[{"embeddable":true,"href":"https:\/\/www.polishscience.pl\/pt-pt\/wp-json\/wp\/v2\/users\/6"}],"replies":[{"embeddable":true,"href":"https:\/\/www.polishscience.pl\/pt-pt\/wp-json\/wp\/v2\/comments?post=243346"}],"version-history":[{"count":0,"href":"https:\/\/www.polishscience.pl\/pt-pt\/wp-json\/wp\/v2\/posts\/243346\/revisions"}],"wp:featuredmedia":[{"embeddable":true,"href":"https:\/\/www.polishscience.pl\/pt-pt\/wp-json\/wp\/v2\/media\/243206"}],"wp:attachment":[{"href":"https:\/\/www.polishscience.pl\/pt-pt\/wp-json\/wp\/v2\/media?parent=243346"}],"wp:term":[{"taxonomy":"category","embeddable":true,"href":"https:\/\/www.polishscience.pl\/pt-pt\/wp-json\/wp\/v2\/categories?post=243346"},{"taxonomy":"post_tag","embeddable":true,"href":"https:\/\/www.polishscience.pl\/pt-pt\/wp-json\/wp\/v2\/tags?post=243346"}],"curies":[{"name":"wp","href":"https:\/\/api.w.org\/{rel}","templated":true}]}}