{"id":243137,"date":"2022-10-06T16:28:16","date_gmt":"2022-10-06T14:28:16","guid":{"rendered":"https:\/\/polishscience.pl\/?p=243137"},"modified":"2022-10-06T16:28:16","modified_gmt":"2022-10-06T14:28:16","slug":"universidade-tecnologica-de-wroclaw-tera-uma-faculdade-de-medicina","status":"publish","type":"post","link":"https:\/\/www.polishscience.pl\/pt-pt\/universidade-tecnologica-de-wroclaw-tera-uma-faculdade-de-medicina\/","title":{"rendered":"Universidade Tecnol\u00f3gica de Wroc\u0142aw ter\u00e1 uma Faculdade de Medicina"},"content":{"rendered":"<p class=\"western\" lang=\"pl-PL\"><span style=\"font-family: Times New Roman, serif;\"><span style=\"font-size: medium;\"><b>A Faculdade de Medicina ser\u00e1 estabelecida na Universidade Tecnol\u00f3gica de Wroc\u0142aw. A partir do pr\u00f3ximo ano letivo, 60 pessoas come\u00e7ar\u00e3o os estudos m\u00e9dicos, que ser\u00e3o ministrados em coopera\u00e7\u00e3o com os hospitais de Wroc\u0142aw, informa a Universidade.<\/b><\/span><\/span><\/p>\n<p class=\"western\" lang=\"pl-PL\"><span style=\"font-family: Times New Roman, serif;\"><span style=\"font-size: medium;\">A cria\u00e7\u00e3o de uma nova faculdade foi anunciada pelo reitor da Universidade, o Prof. Arkadiusz Wojs. Sup\u00f5e-se que seja uma resposta \u00e0 escassez de pessoal m\u00e9dico enfrentado por quase todos os hospitais da Pol\u00f3nia, bem como uma oportunidade para desenvolver pesquisas cient\u00edficas no campo da sa\u00fade e das ci\u00eancias da vida. Nos \u00faltimos meses, um grupo de especialistas participou do projeto de implanta\u00e7\u00e3o de uma nova unidade. O consentimento para iniciar um curso de medicina deve ser emitido pelo Ministro da Educa\u00e7\u00e3o e Ci\u00eancia.<\/span><\/span><\/p>\n<p class=\"western\" lang=\"pl-PL\"><span style=\"font-family: Times New Roman, serif;\"><span style=\"font-size: medium;\">A forma\u00e7\u00e3o na Faculdade de Medicina ser\u00e1 realizada em coopera\u00e7\u00e3o com os hospitais de Wroc\u0142aw, com os quais ser\u00e3o assinados em breve acordos nesta mat\u00e9ria. O corpo cient\u00edfico ser\u00e1 composto por doutores titulados. Em outubro de 2023, 60 alunos iniciar\u00e3o os seus estudos na nova faculdade.<\/span><\/span><\/p>\n<p class=\"western\" lang=\"pl-PL\"><span style=\"font-family: Times New Roman, serif;\"><span style=\"font-size: medium;\">Mais: <span style=\"color: #0000ff;\"><u><a href=\"https:\/\/pwr.edu.pl\/uczelnia\/aktualnosci\/bedziemy-miec-wydzial-medyczny-12627.html\"><span style=\"color: #0563c1;\">https:\/\/pwr.edu.pl\/uczelnia\/aktualnosci\/bedziemy-miec-wydzial-medyczny-12627.html<\/span><\/a><\/u><\/span><\/span><\/span><\/p>\n<p class=\"western\" lang=\"pl-PL\">\n","protected":false},"excerpt":{"rendered":"<p>A Faculdade de Medicina ser\u00e1 estabelecida na Universidade Tecnol\u00f3gica de Wroc\u0142aw. A partir do pr\u00f3ximo ano letivo, 60 pessoas come\u00e7ar\u00e3o os estudos m\u00e9dicos, que ser\u00e3o ministrados em coopera\u00e7\u00e3o com os hospitais de Wroc\u0142aw, informa a Universidade. A cria\u00e7\u00e3o de uma nova faculdade foi anunciada pelo reitor da Universidade, o Prof. Arkadiusz Wojs. Sup\u00f5e-se que seja [&hellip;]<\/p>\n","protected":false},"author":6,"featured_media":242991,"comment_status":"closed","ping_status":"closed","sticky":false,"template":"","format":"standard","meta":[],"categories":[67],"tags":[],"_links":{"self":[{"href":"https:\/\/www.polishscience.pl\/pt-pt\/wp-json\/wp\/v2\/posts\/243137"}],"collection":[{"href":"https:\/\/www.polishscience.pl\/pt-pt\/wp-json\/wp\/v2\/posts"}],"about":[{"href":"https:\/\/www.polishscience.pl\/pt-pt\/wp-json\/wp\/v2\/types\/post"}],"author":[{"embeddable":true,"href":"https:\/\/www.polishscience.pl\/pt-pt\/wp-json\/wp\/v2\/users\/6"}],"replies":[{"embeddable":true,"href":"https:\/\/www.polishscience.pl\/pt-pt\/wp-json\/wp\/v2\/comments?post=243137"}],"version-history":[{"count":0,"href":"https:\/\/www.polishscience.pl\/pt-pt\/wp-json\/wp\/v2\/posts\/243137\/revisions"}],"wp:featuredmedia":[{"embeddable":true,"href":"https:\/\/www.polishscience.pl\/pt-pt\/wp-json\/wp\/v2\/media\/242991"}],"wp:attachment":[{"href":"https:\/\/www.polishscience.pl\/pt-pt\/wp-json\/wp\/v2\/media?parent=243137"}],"wp:term":[{"taxonomy":"category","embeddable":true,"href":"https:\/\/www.polishscience.pl\/pt-pt\/wp-json\/wp\/v2\/categories?post=243137"},{"taxonomy":"post_tag","embeddable":true,"href":"https:\/\/www.polishscience.pl\/pt-pt\/wp-json\/wp\/v2\/tags?post=243137"}],"curies":[{"name":"wp","href":"https:\/\/api.w.org\/{rel}","templated":true}]}}