{"id":242859,"date":"2022-10-05T15:08:55","date_gmt":"2022-10-05T13:08:55","guid":{"rendered":"https:\/\/polishscience.pl\/?p=242859"},"modified":"2022-10-05T15:08:55","modified_gmt":"2022-10-05T13:08:55","slug":"faculdade-de-direito-e-administracao-da-universidade-de-opole-cooperara-com-a-procuradoria-nacional","status":"publish","type":"post","link":"https:\/\/www.polishscience.pl\/pt-pt\/faculdade-de-direito-e-administracao-da-universidade-de-opole-cooperara-com-a-procuradoria-nacional\/","title":{"rendered":"Faculdade de Direito e Administra\u00e7\u00e3o da Universidade de Opole cooperar\u00e1 com a Procuradoria Nacional"},"content":{"rendered":"<p><b><span style=\"color: #000000;\"><span style=\"font-family: Times New Roman, serif;\"><span style=\"font-size: medium;\"><span lang=\"pl-PL\">A Faculdade de Direito e Administra\u00e7\u00e3o da Universidade de Opole (UO) cooperar\u00e1 com a Procuradoria Nacional. O acordo de coopera\u00e7\u00e3o foi assinado pelo primeiro vice-procurador-geral, o procurador nacional Dariusz Barski e o reitor da Faculdade, o Dr. Pawe\u0142 Sobczyk, informa a Universidade.<\/span><\/span><\/span><\/span><\/b><\/p>\n<p><span style=\"color: #000000;\"><span style=\"font-family: Times New Roman, serif;\"><span style=\"font-size: medium;\"><span lang=\"pl-PL\">A coopera\u00e7\u00e3o entre as partes incluir\u00e1, nomeadamente, pesquisas conjuntas sobre o crime, combate, preven\u00e7\u00e3o e controlo do crime, bem como aulas na Faculdade de Direito e Administra\u00e7\u00e3o sobre o funcionamento e papel do Minist\u00e9rio P\u00fablico no dom\u00ednio da acusa\u00e7\u00e3o e defesa da lei.<\/span><\/span><\/span><\/span><\/p>\n<p><span style=\"color: #000000;\"><span style=\"font-family: Times New Roman, serif;\"><span style=\"font-size: medium;\"><span lang=\"pl-PL\">O acordo tamb\u00e9m regulamenta a quest\u00e3o da participa\u00e7\u00e3o de representantes do Minist\u00e9rio P\u00fablico nas aulas para alunos; organizar reuni\u00f5es de representantes do Minist\u00e9rio P\u00fablico com estudantes para os familiarizar com as fun\u00e7\u00f5es e funcionamento deste \u00f3rg\u00e3o e organizar semin\u00e1rios conjuntos e confer\u00eancias cient\u00edficas sobre quest\u00f5es penais.<\/span><\/span><\/span><\/span><\/p>\n<p>&nbsp;<\/p>\n<p><span style=\"color: #000000;\"><span style=\"font-family: Times New Roman, serif;\"><span style=\"font-size: medium;\"><span lang=\"pl-PL\">Mais: <\/span><\/span><\/span><\/span><a href=\"https:\/\/uni.opole.pl\/page\/5273\/porozumienie-o-wspolpracy-wydzialu-prawa-i-administracji-uo-z-prokuratura-krajowa\"><span style=\"color: #0563c1;\"><span style=\"font-family: Times New Roman, serif;\"><span style=\"font-size: medium;\"><span lang=\"pl-PL\"><u>https:\/\/uni.opole.pl\/page\/5273\/porozumienie-o-wspolpracy-wydzialu-prawa-i-administracji-uo-z-prokuratura-krajowa<\/u><\/span><\/span><\/span><\/span><\/a><\/p>\n","protected":false},"excerpt":{"rendered":"<p>A Faculdade de Direito e Administra\u00e7\u00e3o da Universidade de Opole (UO) cooperar\u00e1 com a Procuradoria Nacional. O acordo de coopera\u00e7\u00e3o foi assinado pelo primeiro vice-procurador-geral, o procurador nacional Dariusz Barski e o reitor da Faculdade, o Dr. Pawe\u0142 Sobczyk, informa a Universidade. A coopera\u00e7\u00e3o entre as partes incluir\u00e1, nomeadamente, pesquisas conjuntas sobre o crime, combate, [&hellip;]<\/p>\n","protected":false},"author":6,"featured_media":242720,"comment_status":"closed","ping_status":"closed","sticky":false,"template":"","format":"standard","meta":[],"categories":[67],"tags":[],"_links":{"self":[{"href":"https:\/\/www.polishscience.pl\/pt-pt\/wp-json\/wp\/v2\/posts\/242859"}],"collection":[{"href":"https:\/\/www.polishscience.pl\/pt-pt\/wp-json\/wp\/v2\/posts"}],"about":[{"href":"https:\/\/www.polishscience.pl\/pt-pt\/wp-json\/wp\/v2\/types\/post"}],"author":[{"embeddable":true,"href":"https:\/\/www.polishscience.pl\/pt-pt\/wp-json\/wp\/v2\/users\/6"}],"replies":[{"embeddable":true,"href":"https:\/\/www.polishscience.pl\/pt-pt\/wp-json\/wp\/v2\/comments?post=242859"}],"version-history":[{"count":0,"href":"https:\/\/www.polishscience.pl\/pt-pt\/wp-json\/wp\/v2\/posts\/242859\/revisions"}],"wp:featuredmedia":[{"embeddable":true,"href":"https:\/\/www.polishscience.pl\/pt-pt\/wp-json\/wp\/v2\/media\/242720"}],"wp:attachment":[{"href":"https:\/\/www.polishscience.pl\/pt-pt\/wp-json\/wp\/v2\/media?parent=242859"}],"wp:term":[{"taxonomy":"category","embeddable":true,"href":"https:\/\/www.polishscience.pl\/pt-pt\/wp-json\/wp\/v2\/categories?post=242859"},{"taxonomy":"post_tag","embeddable":true,"href":"https:\/\/www.polishscience.pl\/pt-pt\/wp-json\/wp\/v2\/tags?post=242859"}],"curies":[{"name":"wp","href":"https:\/\/api.w.org\/{rel}","templated":true}]}}