{"id":242574,"date":"2022-10-04T17:00:42","date_gmt":"2022-10-04T15:00:42","guid":{"rendered":"https:\/\/polishscience.pl\/?p=242574"},"modified":"2022-10-04T17:09:15","modified_gmt":"2022-10-04T15:09:15","slug":"15-bilhao-de-zlotis-para-aumentar-os-salarios-dos-professores-academicos","status":"publish","type":"post","link":"https:\/\/www.polishscience.pl\/pt-pt\/15-bilhao-de-zlotis-para-aumentar-os-salarios-dos-professores-academicos\/","title":{"rendered":"1,5 bilh\u00e3o de zl\u00f3tis para aumentar os sal\u00e1rios dos professores acad\u00e9micos"},"content":{"rendered":"<p><strong>&#8220;Neste momento extremamente dif\u00edcil, foi poss\u00edvel alocar um total de mais de 1,5 bilh\u00e3o de zl\u00f3tis para aumentar os recursos para os sal\u00e1rios. Esse dinheiro estar\u00e1 \u00e0 disposi\u00e7\u00e3o dos reitores&#8221;, disse o ministro da Educa\u00e7\u00e3o e Ci\u00eancia Przemys\u0142aw Czarnek durante a abertura do ano letivo 2022\/23 na Universidade de Rzesz\u00f3w.<\/strong><\/p>\n<p>Este ano, o subs\u00eddio ser\u00e1 aumentado em 150 milh\u00f5es de zl\u00f3tis destinados \u00e0 remunera\u00e7\u00e3o dos professores acad\u00e9micos. Como resultado, o or\u00e7amento do pr\u00f3ximo ano incluir\u00e1\u00a0 600 milh\u00f5es adicionais para os sal\u00e1rios dos funcion\u00e1rios da universidade. Al\u00e9m disso, a partir de maio, esse valor aumentar\u00e1 em 700 milh\u00f5es. No total, o Minist\u00e9rio da Educa\u00e7\u00e3o e Ci\u00eancia destinar\u00e1 quase 1,5 bilh\u00e3o\u00a0 para aumentos de sal\u00e1rios dos funcion\u00e1rios universit\u00e1rios neste ano e no pr\u00f3ximo.<\/p>\n<p>Durante a cerim\u00f3nia, o Ministro Czarnek proferiu a palestra inaugural &#8220;Liberdade de express\u00e3o e liberdade de criatividade art\u00edstica na Constitui\u00e7\u00e3o da Rep\u00fablica da Pol\u00f3nia&#8221;.<\/p>\n<p>&nbsp;<\/p>\n","protected":false},"excerpt":{"rendered":"<p>&#8220;Neste momento extremamente dif\u00edcil, foi poss\u00edvel alocar um total de mais de 1,5 bilh\u00e3o de zl\u00f3tis para aumentar os recursos para os sal\u00e1rios. Esse dinheiro estar\u00e1 \u00e0 disposi\u00e7\u00e3o dos reitores&#8221;, disse o ministro da Educa\u00e7\u00e3o e Ci\u00eancia Przemys\u0142aw Czarnek durante a abertura do ano letivo 2022\/23 na Universidade de Rzesz\u00f3w. Este ano, o subs\u00eddio ser\u00e1 [&hellip;]<\/p>\n","protected":false},"author":6,"featured_media":242337,"comment_status":"closed","ping_status":"closed","sticky":false,"template":"","format":"standard","meta":[],"categories":[67],"tags":[],"_links":{"self":[{"href":"https:\/\/www.polishscience.pl\/pt-pt\/wp-json\/wp\/v2\/posts\/242574"}],"collection":[{"href":"https:\/\/www.polishscience.pl\/pt-pt\/wp-json\/wp\/v2\/posts"}],"about":[{"href":"https:\/\/www.polishscience.pl\/pt-pt\/wp-json\/wp\/v2\/types\/post"}],"author":[{"embeddable":true,"href":"https:\/\/www.polishscience.pl\/pt-pt\/wp-json\/wp\/v2\/users\/6"}],"replies":[{"embeddable":true,"href":"https:\/\/www.polishscience.pl\/pt-pt\/wp-json\/wp\/v2\/comments?post=242574"}],"version-history":[{"count":0,"href":"https:\/\/www.polishscience.pl\/pt-pt\/wp-json\/wp\/v2\/posts\/242574\/revisions"}],"wp:featuredmedia":[{"embeddable":true,"href":"https:\/\/www.polishscience.pl\/pt-pt\/wp-json\/wp\/v2\/media\/242337"}],"wp:attachment":[{"href":"https:\/\/www.polishscience.pl\/pt-pt\/wp-json\/wp\/v2\/media?parent=242574"}],"wp:term":[{"taxonomy":"category","embeddable":true,"href":"https:\/\/www.polishscience.pl\/pt-pt\/wp-json\/wp\/v2\/categories?post=242574"},{"taxonomy":"post_tag","embeddable":true,"href":"https:\/\/www.polishscience.pl\/pt-pt\/wp-json\/wp\/v2\/tags?post=242574"}],"curies":[{"name":"wp","href":"https:\/\/api.w.org\/{rel}","templated":true}]}}