{"id":241835,"date":"2022-09-29T15:14:47","date_gmt":"2022-09-29T13:14:47","guid":{"rendered":"https:\/\/polishscience.pl\/?p=241835"},"modified":"2022-09-29T15:14:47","modified_gmt":"2022-09-29T13:14:47","slug":"visita-do-embaixador-da-india-a-universidade-tecnologica-de-varsovia","status":"publish","type":"post","link":"https:\/\/www.polishscience.pl\/pt-pt\/visita-do-embaixador-da-india-a-universidade-tecnologica-de-varsovia\/","title":{"rendered":"Visita do Embaixador da \u00cdndia \u00e0 Universidade Tecnol\u00f3gica de Vars\u00f3via"},"content":{"rendered":"<p class=\"western\" lang=\"pl-PL\"><span style=\"font-family: Times New Roman, serif;\"><span style=\"font-size: medium;\"><b>O ensino e a coopera\u00e7\u00e3o cient\u00edfica foram os principais temas discutidos durante o encontro do reitor da Universidade Tecnol\u00f3gica de Vars\u00f3via (PW), o Prof. Krzysztof Zaremba, com a Embaixadora da \u00cdndia na Pol\u00f3nia e Litu\u00e2nia, Nagma M. Mallick.<\/b><\/span><\/span><\/p>\n<p class=\"western\" lang=\"pl-PL\"><span style=\"font-family: Times New Roman, serif;\"><span style=\"font-size: medium;\">O interc\u00e2mbio de estudantes e acad\u00e9micos tamb\u00e9m foi discutido. Ficou acordado que em novembro deste ano, a Embaixada da \u00cdndia, em coopera\u00e7\u00e3o com o Centro para Coopera\u00e7\u00e3o Internacional da PW , organizaria uma reuni\u00e3o com a participa\u00e7\u00e3o da Embaixadora da \u00cdndia e da comunidade indiana na PW.<\/span><\/span><\/p>\n<p class=\"western\" lang=\"pl-PL\"><span style=\"font-family: Times New Roman, serif;\"><span style=\"font-size: medium;\">No ano passado, a comunidade indiana da PW era composta por 223 alunos, 18 alunos de doutorado e 12 funcion\u00e1rios da \u00cdndia.<\/span><\/span><\/p>\n<p class=\"western\" lang=\"pl-PL\"><span style=\"font-family: Times New Roman, serif;\"><span style=\"font-size: medium;\">&#8220;Os estudantes da \u00cdndia s\u00e3o o maior grupo entre os embaixadores estudantis da PW que promovem a nossa Universidade entre os candidatos internacionais e ajudam os novos alunos durante primeiros dias em Vars\u00f3via&#8221;, enfatiza a PW num comunicado.<\/span><\/span><\/p>\n<p class=\"western\" lang=\"pl-PL\">\n<p class=\"western\" lang=\"pl-PL\">\n","protected":false},"excerpt":{"rendered":"<p>O ensino e a coopera\u00e7\u00e3o cient\u00edfica foram os principais temas discutidos durante o encontro do reitor da Universidade Tecnol\u00f3gica de Vars\u00f3via (PW), o Prof. Krzysztof Zaremba, com a Embaixadora da \u00cdndia na Pol\u00f3nia e Litu\u00e2nia, Nagma M. Mallick. O interc\u00e2mbio de estudantes e acad\u00e9micos tamb\u00e9m foi discutido. Ficou acordado que em novembro deste ano, a [&hellip;]<\/p>\n","protected":false},"author":6,"featured_media":241673,"comment_status":"closed","ping_status":"closed","sticky":false,"template":"","format":"standard","meta":[],"categories":[67],"tags":[],"_links":{"self":[{"href":"https:\/\/www.polishscience.pl\/pt-pt\/wp-json\/wp\/v2\/posts\/241835"}],"collection":[{"href":"https:\/\/www.polishscience.pl\/pt-pt\/wp-json\/wp\/v2\/posts"}],"about":[{"href":"https:\/\/www.polishscience.pl\/pt-pt\/wp-json\/wp\/v2\/types\/post"}],"author":[{"embeddable":true,"href":"https:\/\/www.polishscience.pl\/pt-pt\/wp-json\/wp\/v2\/users\/6"}],"replies":[{"embeddable":true,"href":"https:\/\/www.polishscience.pl\/pt-pt\/wp-json\/wp\/v2\/comments?post=241835"}],"version-history":[{"count":0,"href":"https:\/\/www.polishscience.pl\/pt-pt\/wp-json\/wp\/v2\/posts\/241835\/revisions"}],"wp:featuredmedia":[{"embeddable":true,"href":"https:\/\/www.polishscience.pl\/pt-pt\/wp-json\/wp\/v2\/media\/241673"}],"wp:attachment":[{"href":"https:\/\/www.polishscience.pl\/pt-pt\/wp-json\/wp\/v2\/media?parent=241835"}],"wp:term":[{"taxonomy":"category","embeddable":true,"href":"https:\/\/www.polishscience.pl\/pt-pt\/wp-json\/wp\/v2\/categories?post=241835"},{"taxonomy":"post_tag","embeddable":true,"href":"https:\/\/www.polishscience.pl\/pt-pt\/wp-json\/wp\/v2\/tags?post=241835"}],"curies":[{"name":"wp","href":"https:\/\/api.w.org\/{rel}","templated":true}]}}