{"id":241576,"date":"2022-09-28T16:05:09","date_gmt":"2022-09-28T14:05:09","guid":{"rendered":"https:\/\/polishscience.pl\/?p=241576"},"modified":"2022-09-28T16:05:09","modified_gmt":"2022-09-28T14:05:09","slug":"o-centro-de-relacoes-catolico-judaicas-da-universidade-catolica-de-lublin-sera-inaugurado-em-breve","status":"publish","type":"post","link":"https:\/\/www.polishscience.pl\/pt-pt\/o-centro-de-relacoes-catolico-judaicas-da-universidade-catolica-de-lublin-sera-inaugurado-em-breve\/","title":{"rendered":"O Centro de Rela\u00e7\u00f5es Cat\u00f3lico-Judaicas da Universidade Cat\u00f3lica de Lublin ser\u00e1 inaugurado em breve"},"content":{"rendered":"<p class=\"western\" lang=\"pl-PL\"><span style=\"font-family: Times New Roman, serif;\"><span style=\"font-size: medium;\"><b>Pesquisa cient\u00edfica, publica\u00e7\u00f5es, simp\u00f3sios internacionais, confer\u00eancias, debates, bem como eventos culturais e constru\u00e7\u00e3o de relacionamento entre estudantes da Pol\u00f3nia e Israel s\u00e3o as principais tarefas do Centro de Rela\u00e7\u00f5es Cat\u00f3lico-Judaicas da Universidade Cat\u00f3lica de Lublin. Abraham J. Heschel, cuja inaugura\u00e7\u00e3o ocorrer\u00e1 no dia 17 de outubro de 2022.<\/b><\/span><\/span><\/p>\n<p class=\"western\" lang=\"pl-PL\"><span style=\"font-family: Times New Roman, serif;\"><span style=\"font-size: medium;\">Conforme o reitor da Universidade Cat\u00f3lica Jo\u00e3o Paulo II de Lublin (KUL), o Prof. Miros\u0142aw Kalinowski, os trabalhos para estabelecer o Centro est\u00e3o em andamento h\u00e1 v\u00e1rios meses. Ser\u00e1 uma unidade que funcionar\u00e1 dentro da estrutura da universidade.<\/span><\/span><\/p>\n<p class=\"western\" lang=\"pl-PL\"><span style=\"font-family: Times New Roman, serif;\"><span style=\"font-size: medium;\">&#8220;Queremos que, al\u00e9m da atividade cient\u00edfica e pesquisa sobre hist\u00f3ria, cultura, patrim\u00f3nio comum e di\u00e1logo inter-religioso, tamb\u00e9m sejam desenvolvidos projetos sociais e culturais. O tema estrat\u00e9gico \u00e9 a participa\u00e7\u00e3o de jovens da Pol\u00f3nia e Israel, visitas e eventos m\u00fatuos. Queremos que esta atividade esteja presente no espa\u00e7o da Internet&#8221;, disse o Prof. Kalinowski.<\/span><\/span><\/p>\n<p class=\"western\" lang=\"pl-PL\">\n<p class=\"western\" lang=\"pl-PL\">\n","protected":false},"excerpt":{"rendered":"<p>Pesquisa cient\u00edfica, publica\u00e7\u00f5es, simp\u00f3sios internacionais, confer\u00eancias, debates, bem como eventos culturais e constru\u00e7\u00e3o de relacionamento entre estudantes da Pol\u00f3nia e Israel s\u00e3o as principais tarefas do Centro de Rela\u00e7\u00f5es Cat\u00f3lico-Judaicas da Universidade Cat\u00f3lica de Lublin. Abraham J. Heschel, cuja inaugura\u00e7\u00e3o ocorrer\u00e1 no dia 17 de outubro de 2022. Conforme o reitor da Universidade Cat\u00f3lica Jo\u00e3o [&hellip;]<\/p>\n","protected":false},"author":6,"featured_media":241436,"comment_status":"closed","ping_status":"closed","sticky":false,"template":"","format":"standard","meta":[],"categories":[67],"tags":[],"_links":{"self":[{"href":"https:\/\/www.polishscience.pl\/pt-pt\/wp-json\/wp\/v2\/posts\/241576"}],"collection":[{"href":"https:\/\/www.polishscience.pl\/pt-pt\/wp-json\/wp\/v2\/posts"}],"about":[{"href":"https:\/\/www.polishscience.pl\/pt-pt\/wp-json\/wp\/v2\/types\/post"}],"author":[{"embeddable":true,"href":"https:\/\/www.polishscience.pl\/pt-pt\/wp-json\/wp\/v2\/users\/6"}],"replies":[{"embeddable":true,"href":"https:\/\/www.polishscience.pl\/pt-pt\/wp-json\/wp\/v2\/comments?post=241576"}],"version-history":[{"count":0,"href":"https:\/\/www.polishscience.pl\/pt-pt\/wp-json\/wp\/v2\/posts\/241576\/revisions"}],"wp:featuredmedia":[{"embeddable":true,"href":"https:\/\/www.polishscience.pl\/pt-pt\/wp-json\/wp\/v2\/media\/241436"}],"wp:attachment":[{"href":"https:\/\/www.polishscience.pl\/pt-pt\/wp-json\/wp\/v2\/media?parent=241576"}],"wp:term":[{"taxonomy":"category","embeddable":true,"href":"https:\/\/www.polishscience.pl\/pt-pt\/wp-json\/wp\/v2\/categories?post=241576"},{"taxonomy":"post_tag","embeddable":true,"href":"https:\/\/www.polishscience.pl\/pt-pt\/wp-json\/wp\/v2\/tags?post=241576"}],"curies":[{"name":"wp","href":"https:\/\/api.w.org\/{rel}","templated":true}]}}