{"id":240237,"date":"2022-09-20T14:42:39","date_gmt":"2022-09-20T12:42:39","guid":{"rendered":"https:\/\/polishscience.pl\/?p=240237"},"modified":"2022-09-20T14:42:39","modified_gmt":"2022-09-20T12:42:39","slug":"filial-da-universidade-de-bialystok-em-vilnius-tera-nova-sede","status":"publish","type":"post","link":"https:\/\/www.polishscience.pl\/pt-pt\/filial-da-universidade-de-bialystok-em-vilnius-tera-nova-sede\/","title":{"rendered":"Filial da Universidade de Bia\u0142ystok em Vilnius ter\u00e1 nova sede"},"content":{"rendered":"<p class=\"western\" lang=\"pl-PL\"><span style=\"font-family: Times New Roman, serif;\"><span style=\"font-size: medium;\"><b>O Ministro da Educa\u00e7\u00e3o e Ci\u00eancia, Przemys\u0142aw Czarnek, participou na cerim\u00f3nia de assinatura e coloca\u00e7\u00e3o do ato de funda\u00e7\u00e3o para a constru\u00e7\u00e3o da sede da filial da Universidade em Bia\u0142ystok em Vilnius. O investimento foi subsidiado pelo Minist\u00e9rio da Educa\u00e7\u00e3o e Ci\u00eancia com 30 milh\u00f5es de zl\u00f3tis.<\/b><\/span><\/span><\/p>\n<p class=\"western\" lang=\"pl-PL\"><span style=\"font-family: Times New Roman, serif;\"><span style=\"font-size: medium;\">&#8220;A cria\u00e7\u00e3o de uma filial da Universidade \u00e9 um evento importante nas rela\u00e7\u00f5es polaco-lituanas no campo da educa\u00e7\u00e3o e da ci\u00eancia. Estamos satisfeitos que a Universidade de Bialystok seja a \u00fanica na Pol\u00f3nia com uma filial fora do pa\u00eds. Isso \u00e9 de particular import\u00e2ncia para os polacos na Litu\u00e2nia&#8221;, enfatizou o ministro Przemys\u0142aw Czarnek.<\/span><\/span><\/p>\n<p class=\"western\" lang=\"pl-PL\"><span style=\"font-family: Times New Roman, serif;\"><span style=\"font-size: medium;\">Desde 2007, a Faculdade de Economia e Inform\u00e1tica da Universidade de Bia\u0142ystok tem ensinado tr\u00eas cursos em Vilnius: Economia, Inform\u00e1tica e Estudos Europeus. Desde 2014, tamb\u00e9m \u00e9 oferecida um curso de p\u00f3s-gradua\u00e7\u00e3o em Economia. At\u00e9 o momento, mais de 840 graduados conclu\u00edram os seus estudos na filial de Vilnius.<\/span><\/span><\/p>\n","protected":false},"excerpt":{"rendered":"<p>O Ministro da Educa\u00e7\u00e3o e Ci\u00eancia, Przemys\u0142aw Czarnek, participou na cerim\u00f3nia de assinatura e coloca\u00e7\u00e3o do ato de funda\u00e7\u00e3o para a constru\u00e7\u00e3o da sede da filial da Universidade em Bia\u0142ystok em Vilnius. O investimento foi subsidiado pelo Minist\u00e9rio da Educa\u00e7\u00e3o e Ci\u00eancia com 30 milh\u00f5es de zl\u00f3tis. &#8220;A cria\u00e7\u00e3o de uma filial da Universidade \u00e9 [&hellip;]<\/p>\n","protected":false},"author":6,"featured_media":240096,"comment_status":"closed","ping_status":"closed","sticky":false,"template":"","format":"standard","meta":[],"categories":[67],"tags":[],"_links":{"self":[{"href":"https:\/\/www.polishscience.pl\/pt-pt\/wp-json\/wp\/v2\/posts\/240237"}],"collection":[{"href":"https:\/\/www.polishscience.pl\/pt-pt\/wp-json\/wp\/v2\/posts"}],"about":[{"href":"https:\/\/www.polishscience.pl\/pt-pt\/wp-json\/wp\/v2\/types\/post"}],"author":[{"embeddable":true,"href":"https:\/\/www.polishscience.pl\/pt-pt\/wp-json\/wp\/v2\/users\/6"}],"replies":[{"embeddable":true,"href":"https:\/\/www.polishscience.pl\/pt-pt\/wp-json\/wp\/v2\/comments?post=240237"}],"version-history":[{"count":0,"href":"https:\/\/www.polishscience.pl\/pt-pt\/wp-json\/wp\/v2\/posts\/240237\/revisions"}],"wp:featuredmedia":[{"embeddable":true,"href":"https:\/\/www.polishscience.pl\/pt-pt\/wp-json\/wp\/v2\/media\/240096"}],"wp:attachment":[{"href":"https:\/\/www.polishscience.pl\/pt-pt\/wp-json\/wp\/v2\/media?parent=240237"}],"wp:term":[{"taxonomy":"category","embeddable":true,"href":"https:\/\/www.polishscience.pl\/pt-pt\/wp-json\/wp\/v2\/categories?post=240237"},{"taxonomy":"post_tag","embeddable":true,"href":"https:\/\/www.polishscience.pl\/pt-pt\/wp-json\/wp\/v2\/tags?post=240237"}],"curies":[{"name":"wp","href":"https:\/\/api.w.org\/{rel}","templated":true}]}}