{"id":239775,"date":"2022-09-16T14:55:23","date_gmt":"2022-09-16T12:55:23","guid":{"rendered":"https:\/\/polishscience.pl\/?p=239775"},"modified":"2022-09-16T14:55:23","modified_gmt":"2022-09-16T12:55:23","slug":"novo-curso-de-pos-graduacao-em-archi-cultura-educador-de-arquitetura","status":"publish","type":"post","link":"https:\/\/www.polishscience.pl\/pt-pt\/novo-curso-de-pos-graduacao-em-archi-cultura-educador-de-arquitetura\/","title":{"rendered":"Novo curso de p\u00f3s-gradua\u00e7\u00e3o em &#8220;Archi: cultura &#8211; educador de arquitetura&#8221;"},"content":{"rendered":"<p class=\"western\"><b><span style=\"color: #000000;\"><span style=\"font-family: Times New Roman, serif;\"><span style=\"font-size: medium;\"><span lang=\"pl-PL\">At\u00e9 25 de setembro de 2022, est\u00e3o abertas as inscri\u00e7\u00f5es para o curso de p\u00f3s-gradua\u00e7\u00e3o em &#8220;Archi: cultura &#8211; educador de arquitetura&#8221;. \u00c9 um projeto inovador implementado pela Universidade Tecnol\u00f3gica de Crac\u00f3via (PK), Instituto Nacional de Arquitetura e Urbanismo, Universidade Pedag\u00f3gica de Crac\u00f3via e Universidade Tecnol\u00f3gica de Gda\u0144sk.<\/span><\/span><\/span><\/span><\/b><\/p>\n<p class=\"western\"><span style=\"color: #000000;\"><span style=\"font-family: Times New Roman, serif;\"><span style=\"font-size: medium;\"><span lang=\"pl-PL\">O curso de p\u00f3s-gradua\u00e7\u00e3o, cuja primeira edi\u00e7\u00e3o come\u00e7ou no ano passado, forma educadores, mediadores e professores que v\u00e3o popularizar o conhecimento sobre o meio ambiente no contexto do esfor\u00e7o geral de eleva\u00e7\u00e3o da cultura, da constru\u00e7\u00e3o e da qualidade do espa\u00e7o que nos rodeia, informa a PK.<\/span><\/span><\/span><\/span><\/p>\n<p class=\"western\"><span style=\"color: #000000;\"><span style=\"font-family: Times New Roman, serif;\"><span style=\"font-size: medium;\"><span lang=\"pl-PL\">O conceito dos estudos \u00e9 baseado no princ\u00edpio do di\u00e1logo interdisciplinar entre as \u00e1reas pedag\u00f3gica, arquitet\u00f3nica e de design em benef\u00edcio da educa\u00e7\u00e3o arquitet\u00f3nica universal.<\/span><\/span><\/span><\/span><\/p>\n<p class=\"western\">\n<p class=\"western\"><span style=\"color: #000000;\"><span style=\"font-family: Times New Roman, serif;\"><span style=\"font-size: medium;\"><span lang=\"pl-PL\">Mais: <a href=\"https:\/\/niaiu.pl\/dzialalnosc\/archikultura\/\">https:\/\/niaiu.pl\/dzialalnosc\/archikultura\/<\/a><\/span><\/span><\/span><\/span><\/p>\n","protected":false},"excerpt":{"rendered":"<p>At\u00e9 25 de setembro de 2022, est\u00e3o abertas as inscri\u00e7\u00f5es para o curso de p\u00f3s-gradua\u00e7\u00e3o em &#8220;Archi: cultura &#8211; educador de arquitetura&#8221;. \u00c9 um projeto inovador implementado pela Universidade Tecnol\u00f3gica de Crac\u00f3via (PK), Instituto Nacional de Arquitetura e Urbanismo, Universidade Pedag\u00f3gica de Crac\u00f3via e Universidade Tecnol\u00f3gica de Gda\u0144sk. O curso de p\u00f3s-gradua\u00e7\u00e3o, cuja primeira edi\u00e7\u00e3o [&hellip;]<\/p>\n","protected":false},"author":6,"featured_media":239642,"comment_status":"closed","ping_status":"closed","sticky":false,"template":"","format":"standard","meta":[],"categories":[67],"tags":[],"_links":{"self":[{"href":"https:\/\/www.polishscience.pl\/pt-pt\/wp-json\/wp\/v2\/posts\/239775"}],"collection":[{"href":"https:\/\/www.polishscience.pl\/pt-pt\/wp-json\/wp\/v2\/posts"}],"about":[{"href":"https:\/\/www.polishscience.pl\/pt-pt\/wp-json\/wp\/v2\/types\/post"}],"author":[{"embeddable":true,"href":"https:\/\/www.polishscience.pl\/pt-pt\/wp-json\/wp\/v2\/users\/6"}],"replies":[{"embeddable":true,"href":"https:\/\/www.polishscience.pl\/pt-pt\/wp-json\/wp\/v2\/comments?post=239775"}],"version-history":[{"count":0,"href":"https:\/\/www.polishscience.pl\/pt-pt\/wp-json\/wp\/v2\/posts\/239775\/revisions"}],"wp:featuredmedia":[{"embeddable":true,"href":"https:\/\/www.polishscience.pl\/pt-pt\/wp-json\/wp\/v2\/media\/239642"}],"wp:attachment":[{"href":"https:\/\/www.polishscience.pl\/pt-pt\/wp-json\/wp\/v2\/media?parent=239775"}],"wp:term":[{"taxonomy":"category","embeddable":true,"href":"https:\/\/www.polishscience.pl\/pt-pt\/wp-json\/wp\/v2\/categories?post=239775"},{"taxonomy":"post_tag","embeddable":true,"href":"https:\/\/www.polishscience.pl\/pt-pt\/wp-json\/wp\/v2\/tags?post=239775"}],"curies":[{"name":"wp","href":"https:\/\/api.w.org\/{rel}","templated":true}]}}