{"id":238314,"date":"2022-09-08T15:28:56","date_gmt":"2022-09-08T13:28:56","guid":{"rendered":"https:\/\/polishscience.pl\/?p=238314"},"modified":"2022-09-08T15:29:02","modified_gmt":"2022-09-08T13:29:02","slug":"cooperacao-de-arquitetos-de-universidades-de-rzeszow","status":"publish","type":"post","link":"https:\/\/www.polishscience.pl\/pt-pt\/cooperacao-de-arquitetos-de-universidades-de-rzeszow\/","title":{"rendered":"Coopera\u00e7\u00e3o de arquitetos de universidades de Rzesz\u00f3w"},"content":{"rendered":"<p class=\"western\" lang=\"pl-PL\"><span style=\"font-family: Times New Roman, serif;\"><span style=\"font-size: medium;\"><b>A Universidade Tecnol\u00f3gica de Rzesz\u00f3w (PRz) e a Universidade de Rzesz\u00f3w (URz) iniciaram uma coopera\u00e7\u00e3o no projeto de revitaliza\u00e7\u00e3o urbana de Rzesz\u00f3w no \u00e2mbito de aulas did\u00e1ticas.<\/b><\/span><\/span><\/p>\n<p class=\"western\" lang=\"pl-PL\"><span style=\"font-family: Times New Roman, serif;\"><span style=\"font-size: medium;\">O acordo estabelece que os alunos de arquitetura da Faculdade de Engenharia Civil, Engenharia Ambiental e Arquitetura da PRz desenvolver\u00e3o conceitos de projeto no \u00e2mbito do curso de projeto arquitet\u00f3nico e urbano com revitaliza\u00e7\u00e3o, e os alunos de arquitetura paisagista da Faculdade de Ci\u00eancias Naturais da Universidade de Rzesz\u00f3w no \u00e2mbito da disciplina de design integrado.<\/span><\/span><\/p>\n<p class=\"western\" lang=\"pl-PL\"><span style=\"font-family: Times New Roman, serif;\"><span style=\"font-size: medium;\">As universidades tamb\u00e9m iniciaram a coopera\u00e7\u00e3o no campo da realiza\u00e7\u00e3o de projetos conjuntos de ensino e pesquisa visando a troca m\u00fatua e complementa\u00e7\u00e3o de conhecimentos, habilidades e experi\u00eancias de funcion\u00e1rios e estudantes de arquitetura e arquitetura paisag\u00edstica.<\/span><\/span><\/p>\n<p class=\"western\" lang=\"pl-PL\"><span style=\"font-family: Times New Roman, serif;\"><span style=\"font-size: medium;\">Um dos efeitos esperados da coopera\u00e7\u00e3o ser\u00e3o n\u00e3o apenas projetos conceituais interdisciplinares da transforma\u00e7\u00e3o urbana de Rzesz\u00f3w, mas tamb\u00e9m exposi\u00e7\u00f5es e discuss\u00f5es.<\/span><\/span><\/p>\n<p class=\"western\" lang=\"pl-PL\">\n","protected":false},"excerpt":{"rendered":"<p>A Universidade Tecnol\u00f3gica de Rzesz\u00f3w (PRz) e a Universidade de Rzesz\u00f3w (URz) iniciaram uma coopera\u00e7\u00e3o no projeto de revitaliza\u00e7\u00e3o urbana de Rzesz\u00f3w no \u00e2mbito de aulas did\u00e1ticas. O acordo estabelece que os alunos de arquitetura da Faculdade de Engenharia Civil, Engenharia Ambiental e Arquitetura da PRz desenvolver\u00e3o conceitos de projeto no \u00e2mbito do curso de [&hellip;]<\/p>\n","protected":false},"author":6,"featured_media":238124,"comment_status":"closed","ping_status":"closed","sticky":false,"template":"","format":"standard","meta":[],"categories":[67],"tags":[],"_links":{"self":[{"href":"https:\/\/www.polishscience.pl\/pt-pt\/wp-json\/wp\/v2\/posts\/238314"}],"collection":[{"href":"https:\/\/www.polishscience.pl\/pt-pt\/wp-json\/wp\/v2\/posts"}],"about":[{"href":"https:\/\/www.polishscience.pl\/pt-pt\/wp-json\/wp\/v2\/types\/post"}],"author":[{"embeddable":true,"href":"https:\/\/www.polishscience.pl\/pt-pt\/wp-json\/wp\/v2\/users\/6"}],"replies":[{"embeddable":true,"href":"https:\/\/www.polishscience.pl\/pt-pt\/wp-json\/wp\/v2\/comments?post=238314"}],"version-history":[{"count":0,"href":"https:\/\/www.polishscience.pl\/pt-pt\/wp-json\/wp\/v2\/posts\/238314\/revisions"}],"wp:featuredmedia":[{"embeddable":true,"href":"https:\/\/www.polishscience.pl\/pt-pt\/wp-json\/wp\/v2\/media\/238124"}],"wp:attachment":[{"href":"https:\/\/www.polishscience.pl\/pt-pt\/wp-json\/wp\/v2\/media?parent=238314"}],"wp:term":[{"taxonomy":"category","embeddable":true,"href":"https:\/\/www.polishscience.pl\/pt-pt\/wp-json\/wp\/v2\/categories?post=238314"},{"taxonomy":"post_tag","embeddable":true,"href":"https:\/\/www.polishscience.pl\/pt-pt\/wp-json\/wp\/v2\/tags?post=238314"}],"curies":[{"name":"wp","href":"https:\/\/api.w.org\/{rel}","templated":true}]}}