{"id":237441,"date":"2022-09-05T15:54:00","date_gmt":"2022-09-05T13:54:00","guid":{"rendered":"https:\/\/polishscience.pl\/?p=237441"},"modified":"2022-09-05T15:54:00","modified_gmt":"2022-09-05T13:54:00","slug":"universidade-tecnologica-de-bialystok-patrocina-uma-seccao-politecnica-na-3-a-escola-secundaria-de-bialystok","status":"publish","type":"post","link":"https:\/\/www.polishscience.pl\/pt-pt\/universidade-tecnologica-de-bialystok-patrocina-uma-seccao-politecnica-na-3-a-escola-secundaria-de-bialystok\/","title":{"rendered":"Universidade Tecnol\u00f3gica de Bia\u0142ystok patrocina uma sec\u00e7\u00e3o polit\u00e9cnica na 3.\u00aa Escola Secund\u00e1ria de Bia\u0142ystok"},"content":{"rendered":"<p class=\"western\" lang=\"pl-PL\"><span style=\"font-family: Times New Roman, serif;\"><span style=\"font-size: medium;\"><b>A Universidade Tecnol\u00f3gica de Bia\u0142ystok (PB) assinou um acordo de patroc\u00ednio com a 3.\u00aa Escola Secund\u00e1ria de Educa\u00e7\u00e3o Geral Krzysztof Kamil Baczy\u0144ski em Bia\u0142ystok. Como resultado, no dia 1.\u00ba de setembro a Secund\u00e1ria inaugurou sec\u00e7\u00e3o com perfil polit\u00e9cnico.<\/b><\/span><\/span><\/p>\n<p class=\"western\" lang=\"pl-PL\"><span style=\"font-family: Times New Roman, serif;\"><span style=\"font-size: medium;\">&#8220;Estou convencido de que a coopera\u00e7\u00e3o trar\u00e1 grandes benef\u00edcios tanto para a Universidade Tecnol\u00f3gica de Bia\u0142ystok quanto para o ensino m\u00e9dio. Estou muito feliz com esta iniciativa e acredito que tal a\u00e7\u00e3o-quadro permitir\u00e1 que os jovens desenvolvam paix\u00f5es t\u00e9cnicas e descubram os seus talentos&#8221;, disse a Dra. Eng. Marta Kosior-Kazberuk, reitora da Universidade Tecnol\u00f3gica de Bia\u0142ystok.<\/span><\/span><\/p>\n<p class=\"western\" lang=\"pl-PL\"><span style=\"font-family: Times New Roman, serif;\"><span style=\"font-size: medium;\">Os alunos do ensino m\u00e9dio em aulas ministradas pelos estudantes universit\u00e1rios, aulas selecionadas de f\u00edsica, matem\u00e1tica ou ci\u00eancia da computa\u00e7\u00e3o, bem como em confer\u00eancias de ci\u00eancia popular. Al\u00e9m disso, eles beneficiar-se-\u00e3o de confer\u00eancias organizadas na escola ministradas por professores da Universidade. <\/span><\/span><\/p>\n","protected":false},"excerpt":{"rendered":"<p>A Universidade Tecnol\u00f3gica de Bia\u0142ystok (PB) assinou um acordo de patroc\u00ednio com a 3.\u00aa Escola Secund\u00e1ria de Educa\u00e7\u00e3o Geral Krzysztof Kamil Baczy\u0144ski em Bia\u0142ystok. Como resultado, no dia 1.\u00ba de setembro a Secund\u00e1ria inaugurou sec\u00e7\u00e3o com perfil polit\u00e9cnico. &#8220;Estou convencido de que a coopera\u00e7\u00e3o trar\u00e1 grandes benef\u00edcios tanto para a Universidade Tecnol\u00f3gica de Bia\u0142ystok quanto [&hellip;]<\/p>\n","protected":false},"author":6,"featured_media":237248,"comment_status":"closed","ping_status":"closed","sticky":false,"template":"","format":"standard","meta":[],"categories":[67],"tags":[],"_links":{"self":[{"href":"https:\/\/www.polishscience.pl\/pt-pt\/wp-json\/wp\/v2\/posts\/237441"}],"collection":[{"href":"https:\/\/www.polishscience.pl\/pt-pt\/wp-json\/wp\/v2\/posts"}],"about":[{"href":"https:\/\/www.polishscience.pl\/pt-pt\/wp-json\/wp\/v2\/types\/post"}],"author":[{"embeddable":true,"href":"https:\/\/www.polishscience.pl\/pt-pt\/wp-json\/wp\/v2\/users\/6"}],"replies":[{"embeddable":true,"href":"https:\/\/www.polishscience.pl\/pt-pt\/wp-json\/wp\/v2\/comments?post=237441"}],"version-history":[{"count":0,"href":"https:\/\/www.polishscience.pl\/pt-pt\/wp-json\/wp\/v2\/posts\/237441\/revisions"}],"wp:featuredmedia":[{"embeddable":true,"href":"https:\/\/www.polishscience.pl\/pt-pt\/wp-json\/wp\/v2\/media\/237248"}],"wp:attachment":[{"href":"https:\/\/www.polishscience.pl\/pt-pt\/wp-json\/wp\/v2\/media?parent=237441"}],"wp:term":[{"taxonomy":"category","embeddable":true,"href":"https:\/\/www.polishscience.pl\/pt-pt\/wp-json\/wp\/v2\/categories?post=237441"},{"taxonomy":"post_tag","embeddable":true,"href":"https:\/\/www.polishscience.pl\/pt-pt\/wp-json\/wp\/v2\/tags?post=237441"}],"curies":[{"name":"wp","href":"https:\/\/api.w.org\/{rel}","templated":true}]}}