{"id":236841,"date":"2022-09-01T13:36:07","date_gmt":"2022-09-01T11:36:07","guid":{"rendered":"https:\/\/polishscience.pl\/?p=236841"},"modified":"2022-09-01T13:36:07","modified_gmt":"2022-09-01T11:36:07","slug":"presidente-da-polonia-assinou-a-lei-sobre-o-estabelecimento-da-academia-da-mazovia-em-plock","status":"publish","type":"post","link":"https:\/\/www.polishscience.pl\/pt-pt\/presidente-da-polonia-assinou-a-lei-sobre-o-estabelecimento-da-academia-da-mazovia-em-plock\/","title":{"rendered":"Presidente da Pol\u00f3nia assinou a Lei sobre o Estabelecimento da Academia da Maz\u00f3via em P\u0142ock"},"content":{"rendered":"<p class=\"western\">\u201c<span style=\"font-family: Times New Roman, serif;\"><span style=\"font-size: medium;\"><b>A Academia da Maz\u00f3via significa o desenvolvimento de P\u0142ock. \u00c9 uma universidade p\u00fablica que obt\u00e9m novas oportunidades, cria perspetivas para autoridades universit\u00e1rias, funcion\u00e1rios e alunos\u201d, disse o presidente Andrzej Duda.<\/b><\/span><\/span><\/p>\n<p class=\"western\"><span style=\"font-family: Times New Roman, serif;\"><span style=\"font-size: medium;\">&#8220;A partir de 1.\u00ba de outubro de 2022, a Universidade P\u00fablica em P\u0142ock se tornar\u00e1 a Academia da Maz\u00f3via. O desenvolvimento de institui\u00e7\u00f5es de ensino superior em centros urbanos menores \u00e9 de grande import\u00e2ncia para os estudantes. Isso \u00e9 motivo de alegria e orgulho. Essa lei foi aprovada no Sejm em todas as divis\u00f5es e agrade\u00e7o a eles por isso&#8221;, destacou o presidente.<\/span><\/span><\/p>\n<p class=\"western\"><span style=\"font-family: Times New Roman, serif;\"><span style=\"font-size: medium;\">A Academia da Maz\u00f3via ser\u00e1 estabelecida a partir da Universidade P\u00fablica em P\u0142ock e ser\u00e1 a sua sucessora legal. A institui\u00e7\u00e3o \u00e9 composta por tr\u00eas faculdades, 11 programas de primeiro ciclo, quatro programas de segundo ciclo e dois programas de mestrado de ciclo longo.<\/span><\/span><\/p>\n<p class=\"western\"><span style=\"font-family: Times New Roman, serif;\"><span style=\"font-size: medium;\">Este ano letivo, a Academia vai lan\u00e7ar um curso de psicologia e o pr\u00f3ximo, em medicina. <\/span><\/span><\/p>\n","protected":false},"excerpt":{"rendered":"<p>\u201cA Academia da Maz\u00f3via significa o desenvolvimento de P\u0142ock. \u00c9 uma universidade p\u00fablica que obt\u00e9m novas oportunidades, cria perspetivas para autoridades universit\u00e1rias, funcion\u00e1rios e alunos\u201d, disse o presidente Andrzej Duda. &#8220;A partir de 1.\u00ba de outubro de 2022, a Universidade P\u00fablica em P\u0142ock se tornar\u00e1 a Academia da Maz\u00f3via. O desenvolvimento de institui\u00e7\u00f5es de ensino [&hellip;]<\/p>\n","protected":false},"author":6,"featured_media":236710,"comment_status":"closed","ping_status":"closed","sticky":false,"template":"","format":"standard","meta":[],"categories":[67],"tags":[],"_links":{"self":[{"href":"https:\/\/www.polishscience.pl\/pt-pt\/wp-json\/wp\/v2\/posts\/236841"}],"collection":[{"href":"https:\/\/www.polishscience.pl\/pt-pt\/wp-json\/wp\/v2\/posts"}],"about":[{"href":"https:\/\/www.polishscience.pl\/pt-pt\/wp-json\/wp\/v2\/types\/post"}],"author":[{"embeddable":true,"href":"https:\/\/www.polishscience.pl\/pt-pt\/wp-json\/wp\/v2\/users\/6"}],"replies":[{"embeddable":true,"href":"https:\/\/www.polishscience.pl\/pt-pt\/wp-json\/wp\/v2\/comments?post=236841"}],"version-history":[{"count":0,"href":"https:\/\/www.polishscience.pl\/pt-pt\/wp-json\/wp\/v2\/posts\/236841\/revisions"}],"wp:featuredmedia":[{"embeddable":true,"href":"https:\/\/www.polishscience.pl\/pt-pt\/wp-json\/wp\/v2\/media\/236710"}],"wp:attachment":[{"href":"https:\/\/www.polishscience.pl\/pt-pt\/wp-json\/wp\/v2\/media?parent=236841"}],"wp:term":[{"taxonomy":"category","embeddable":true,"href":"https:\/\/www.polishscience.pl\/pt-pt\/wp-json\/wp\/v2\/categories?post=236841"},{"taxonomy":"post_tag","embeddable":true,"href":"https:\/\/www.polishscience.pl\/pt-pt\/wp-json\/wp\/v2\/tags?post=236841"}],"curies":[{"name":"wp","href":"https:\/\/api.w.org\/{rel}","templated":true}]}}