{"id":236439,"date":"2022-08-30T15:22:17","date_gmt":"2022-08-30T13:22:17","guid":{"rendered":"https:\/\/polishscience.pl\/?p=236439"},"modified":"2022-08-30T15:22:17","modified_gmt":"2022-08-30T13:22:17","slug":"responder-aos-desafios-climaticos-e-o-tema-de-um-novo-curso-de-graduacao-em-tres-universidades-de-gdansk","status":"publish","type":"post","link":"https:\/\/www.polishscience.pl\/pt-pt\/responder-aos-desafios-climaticos-e-o-tema-de-um-novo-curso-de-graduacao-em-tres-universidades-de-gdansk\/","title":{"rendered":"Responder aos desafios clim\u00e1ticos \u00e9 o tema de um novo curso de gradua\u00e7\u00e3o em tr\u00eas universidades de Gda\u0144sk"},"content":{"rendered":"<p class=\"western\"><b><span style=\"color: #000000;\"><span style=\"font-family: Times New Roman, serif;\"><span style=\"font-size: medium;\"><span lang=\"pl-PL\">A associa\u00e7\u00e3o de Universidades de Fahrenheit, composta pela Universidade de Gda\u0144sk, a Universidade Tecnol\u00f3gica de Gda\u0144sk e a Universidade M\u00e9dica de Gda\u0144sk, lan\u00e7ar\u00e1 um novo curso de p\u00f3s-gradua\u00e7\u00e3o em &#8220;Mitiga\u00e7\u00e3o e Adapta\u00e7\u00e3o \u00e0s Mudan\u00e7as Clim\u00e1ticas&#8221;.<\/span><\/span><\/span><\/span><\/b><\/p>\n<p class=\"western\"><span style=\"color: #000000;\"><span style=\"font-family: Times New Roman, serif;\"><span style=\"font-size: medium;\"><span lang=\"pl-PL\">A mudan\u00e7a clim\u00e1tica \u00e9 um desafio t\u00e3o universal que obriga quase todas as entidades a cooperar. Por exemplo, o desenho de \u00e1reas urbanas requer educa\u00e7\u00e3o ambiental e clim\u00e1tica, bem como a capacidade de coordenar as atividades de v\u00e1rias institui\u00e7\u00f5es, empresas e organiza\u00e7\u00f5es, relata a Universidade de Gda\u0144sk.<\/span><\/span><\/span><\/span><\/p>\n<p class=\"western\"><span style=\"color: #000000;\"><span style=\"font-family: Times New Roman, serif;\"><span style=\"font-size: medium;\"><span lang=\"pl-PL\">&#8220;As Universidades Fahrenheitt veem claramente os desafios que a nossa regi\u00e3o deve enfrentar. Abordamos as mudan\u00e7as clim\u00e1ticas de maneira respons\u00e1vel. Estamos constantemente desenvolvendo e fortalecendo a nossa coopera\u00e7\u00e3o, que resulta, entre outros, na prepara\u00e7\u00e3o conjunta de estudos de p\u00f3s-gradua\u00e7\u00e3o em mitiga\u00e7\u00e3o e adapta\u00e7\u00e3o \u00e0s mudan\u00e7as clim\u00e1ticas&#8221;, diz a Dra. Adriana Zaleska-Medy\u0144ska, diretora da Uni\u00e3o Daniel Fahrenheit das Universidades de Gda\u0144sk.<\/span><\/span><\/span><\/span><\/p>\n<p class=\"western\"><span style=\"color: #000000;\"><span style=\"font-family: Times New Roman, serif;\"><span style=\"font-size: medium;\"><span lang=\"pl-PL\">Mais: <a href=\"https:\/\/ug.edu.pl\/news\/pl\/3865\/ug-pg-i-gumed-razem-dla-klimatu-wspolne-studia-podyawodowe-od-pazdziernika\">https:\/\/ug.edu.pl\/news\/pl\/3865\/ug-pg-i-gumed-razem-dla-klimatu-wspolne-studia-podyawodowe-od-pazdziernika<\/a><\/span><\/span><\/span><\/span><\/p>\n<p class=\"western\">\n","protected":false},"excerpt":{"rendered":"<p>A associa\u00e7\u00e3o de Universidades de Fahrenheit, composta pela Universidade de Gda\u0144sk, a Universidade Tecnol\u00f3gica de Gda\u0144sk e a Universidade M\u00e9dica de Gda\u0144sk, lan\u00e7ar\u00e1 um novo curso de p\u00f3s-gradua\u00e7\u00e3o em &#8220;Mitiga\u00e7\u00e3o e Adapta\u00e7\u00e3o \u00e0s Mudan\u00e7as Clim\u00e1ticas&#8221;. A mudan\u00e7a clim\u00e1tica \u00e9 um desafio t\u00e3o universal que obriga quase todas as entidades a cooperar. Por exemplo, o desenho [&hellip;]<\/p>\n","protected":false},"author":6,"featured_media":236291,"comment_status":"closed","ping_status":"closed","sticky":false,"template":"","format":"standard","meta":[],"categories":[67],"tags":[],"_links":{"self":[{"href":"https:\/\/www.polishscience.pl\/pt-pt\/wp-json\/wp\/v2\/posts\/236439"}],"collection":[{"href":"https:\/\/www.polishscience.pl\/pt-pt\/wp-json\/wp\/v2\/posts"}],"about":[{"href":"https:\/\/www.polishscience.pl\/pt-pt\/wp-json\/wp\/v2\/types\/post"}],"author":[{"embeddable":true,"href":"https:\/\/www.polishscience.pl\/pt-pt\/wp-json\/wp\/v2\/users\/6"}],"replies":[{"embeddable":true,"href":"https:\/\/www.polishscience.pl\/pt-pt\/wp-json\/wp\/v2\/comments?post=236439"}],"version-history":[{"count":0,"href":"https:\/\/www.polishscience.pl\/pt-pt\/wp-json\/wp\/v2\/posts\/236439\/revisions"}],"wp:featuredmedia":[{"embeddable":true,"href":"https:\/\/www.polishscience.pl\/pt-pt\/wp-json\/wp\/v2\/media\/236291"}],"wp:attachment":[{"href":"https:\/\/www.polishscience.pl\/pt-pt\/wp-json\/wp\/v2\/media?parent=236439"}],"wp:term":[{"taxonomy":"category","embeddable":true,"href":"https:\/\/www.polishscience.pl\/pt-pt\/wp-json\/wp\/v2\/categories?post=236439"},{"taxonomy":"post_tag","embeddable":true,"href":"https:\/\/www.polishscience.pl\/pt-pt\/wp-json\/wp\/v2\/tags?post=236439"}],"curies":[{"name":"wp","href":"https:\/\/api.w.org\/{rel}","templated":true}]}}