{"id":232266,"date":"2022-08-04T17:54:43","date_gmt":"2022-08-04T15:54:43","guid":{"rendered":"https:\/\/polishscience.pl\/?p=232266"},"modified":"2022-08-04T17:54:43","modified_gmt":"2022-08-04T15:54:43","slug":"academia-de-educacao-fisica-de-poznan-recebe-a-categoria-a-na-disciplina-de-educacao-fisica","status":"publish","type":"post","link":"https:\/\/www.polishscience.pl\/pt-pt\/academia-de-educacao-fisica-de-poznan-recebe-a-categoria-a-na-disciplina-de-educacao-fisica\/","title":{"rendered":"Academia de Educa\u00e7\u00e3o F\u00edsica de Pozna\u0144 recebe a categoria A na disciplina de educa\u00e7\u00e3o f\u00edsica"},"content":{"rendered":"<p><strong>O ministro da Educa\u00e7\u00e3o e Ci\u00eancia concedeu \u00e0 Academia de Educa\u00e7\u00e3o F\u00edsica (AWF) em Pozna\u0144 a categoria cient\u00edfica A na disciplina de educa\u00e7\u00e3o f\u00edsica. A decis\u00e3o demonstra o elevado n\u00edvel de atividade cient\u00edfica, bem como a efic\u00e1cia da candidatura a bolsas de investiga\u00e7\u00e3o em concursos nacionais e estrangeiros, refere a AWF.<\/strong><\/p>\n<p>\u201cAgrade\u00e7o sinceramente a todos os colaboradores que contribu\u00edram para este resultado com o seu trabalho, pesquisas, publica\u00e7\u00f5es e implementa\u00e7\u00f5es. Claro que o nosso objetivo \u00e9 a categoria A+, mas tamb\u00e9m estamos muito felizes com a categoria A\u201d, diz o reitor da academia, o Dr. Dariusz Wieli\u0144ski.<\/p>\n<p>Como parte da avalia\u00e7\u00e3o quadrienal das universidades e institutos de pesquisa, o Minist\u00e9rio da Educa\u00e7\u00e3o e Ci\u00eancia atribui categorias cient\u00edficas em disciplinas individuais que afetam o valor dos subs\u00eddios e a possibilidade de conceder t\u00edtulos acad\u00e9micos e de ministrar cursos acad\u00e9micos gerais.<\/p>\n<p>Mais: <a href=\"https:\/\/www.awf.poznan.pl\/pl\/lista-aktualnosci\/newsy-2022\/7684-nasza-akademia-z-kategoria-a-w-dyscyplinie-nauki-o-kulturze-fizycznej\">https:\/\/www.awf.poznan.pl\/pl\/lista-aktualnosci\/newsy-2022\/7684-nasza-akademia-z-kategoria-a-w-dyscyplinie-nauki-o-kulturze-fizycznej<\/a><\/p>\n<p>&nbsp;<\/p>\n","protected":false},"excerpt":{"rendered":"<p>O ministro da Educa\u00e7\u00e3o e Ci\u00eancia concedeu \u00e0 Academia de Educa\u00e7\u00e3o F\u00edsica (AWF) em Pozna\u0144 a categoria cient\u00edfica A na disciplina de educa\u00e7\u00e3o f\u00edsica. A decis\u00e3o demonstra o elevado n\u00edvel de atividade cient\u00edfica, bem como a efic\u00e1cia da candidatura a bolsas de investiga\u00e7\u00e3o em concursos nacionais e estrangeiros, refere a AWF. \u201cAgrade\u00e7o sinceramente a todos [&hellip;]<\/p>\n","protected":false},"author":6,"featured_media":232063,"comment_status":"closed","ping_status":"closed","sticky":false,"template":"","format":"standard","meta":[],"categories":[67],"tags":[],"_links":{"self":[{"href":"https:\/\/www.polishscience.pl\/pt-pt\/wp-json\/wp\/v2\/posts\/232266"}],"collection":[{"href":"https:\/\/www.polishscience.pl\/pt-pt\/wp-json\/wp\/v2\/posts"}],"about":[{"href":"https:\/\/www.polishscience.pl\/pt-pt\/wp-json\/wp\/v2\/types\/post"}],"author":[{"embeddable":true,"href":"https:\/\/www.polishscience.pl\/pt-pt\/wp-json\/wp\/v2\/users\/6"}],"replies":[{"embeddable":true,"href":"https:\/\/www.polishscience.pl\/pt-pt\/wp-json\/wp\/v2\/comments?post=232266"}],"version-history":[{"count":0,"href":"https:\/\/www.polishscience.pl\/pt-pt\/wp-json\/wp\/v2\/posts\/232266\/revisions"}],"wp:featuredmedia":[{"embeddable":true,"href":"https:\/\/www.polishscience.pl\/pt-pt\/wp-json\/wp\/v2\/media\/232063"}],"wp:attachment":[{"href":"https:\/\/www.polishscience.pl\/pt-pt\/wp-json\/wp\/v2\/media?parent=232266"}],"wp:term":[{"taxonomy":"category","embeddable":true,"href":"https:\/\/www.polishscience.pl\/pt-pt\/wp-json\/wp\/v2\/categories?post=232266"},{"taxonomy":"post_tag","embeddable":true,"href":"https:\/\/www.polishscience.pl\/pt-pt\/wp-json\/wp\/v2\/tags?post=232266"}],"curies":[{"name":"wp","href":"https:\/\/api.w.org\/{rel}","templated":true}]}}