{"id":225003,"date":"2022-06-27T16:30:00","date_gmt":"2022-06-27T14:30:00","guid":{"rendered":"https:\/\/polishscience.pl\/?p=225003"},"modified":"2022-06-27T16:30:00","modified_gmt":"2022-06-27T14:30:00","slug":"universidade-publica-da-mazovia-em-plock-tem-a-oportunidade-de-se-tornar-uma-academia","status":"publish","type":"post","link":"https:\/\/www.polishscience.pl\/pt-pt\/universidade-publica-da-mazovia-em-plock-tem-a-oportunidade-de-se-tornar-uma-academia\/","title":{"rendered":"Universidade P\u00fablica da Maz\u00f3via em P\u0142ock tem a oportunidade de se tornar uma academia"},"content":{"rendered":"<p class=\"western\" lang=\"pl-PL\">\u201c<span style=\"font-family: Times New Roman, serif;\"><span style=\"font-size: medium;\"><b>A avalia\u00e7\u00e3o da candidatura \u00e9 \u00f3tima e a Universidade P\u00fablica da MazMaz\u00f3via (MUP) em P\u0142ock provavelmente receber\u00e1 a categoria cient\u00edfica B+ (estudos pol\u00edticos e de gest\u00e3o). Os resultados da avalia\u00e7\u00e3o ser\u00e3o anunciados em junho\/julho. No entanto, j\u00e1 felicitar o reitor por a Universidade ser uma das melhores&#8221;, disse o Ministro da Educa\u00e7\u00e3o e Ci\u00eancia, Przemys\u0142aw Czarnek, durante a sua estadia em P\u0142ock.<\/b><\/span><\/span><\/p>\n<p class=\"western\" lang=\"pl-PL\"><span style=\"font-family: Times New Roman, serif;\"><span style=\"font-size: medium;\">Se estiverem reunidas as condi\u00e7\u00f5es certas, a atribui\u00e7\u00e3o da categoria cient\u00edfica B+ permitir\u00e1 \u00e0 Universidade P\u00fablica da Maz\u00f3via em P\u0142ock transformar-se numa academia.<\/span><\/span><\/p>\n<p class=\"western\" lang=\"pl-PL\"><span style=\"font-family: Times New Roman, serif;\"><span style=\"font-size: medium;\">O Ministro Czarnek entregou ao Prof. Maciej S\u0142odki, reitor do MUP, um cheque no valor de 5.650.700 de zl\u00f3tis para a manuten\u00e7\u00e3o e desenvolvimento do potencial docente.<\/span><\/span><\/p>\n<p class=\"western\" lang=\"pl-PL\"><span style=\"font-family: Times New Roman, serif;\"><span style=\"font-size: medium;\">&#8220;Na semana passada, assinei um documento gra\u00e7as ao qual, em coopera\u00e7\u00e3o com o Minist\u00e9rio das Finan\u00e7as, atribu\u00edmos mais 136 milh\u00f5es de zl\u00f3tis para o desenvolvimento de universidades profissionais p\u00fablicas. O montante de mais de 5,5 milh\u00f5es de zl\u00f3tis ser\u00e1 transferido para a conta da Universidade P\u00fablica da Maz\u00f3via em P\u0142ock. Estou convencido de que esses fundos ajudar\u00e3o na constru\u00e7\u00e3o do Collegium Medicum&#8221;, acrescentou o Ministro da Ci\u00eancia.<\/span><\/span><\/p>\n<p class=\"western\" lang=\"pl-PL\">\n","protected":false},"excerpt":{"rendered":"<p>\u201cA avalia\u00e7\u00e3o da candidatura \u00e9 \u00f3tima e a Universidade P\u00fablica da MazMaz\u00f3via (MUP) em P\u0142ock provavelmente receber\u00e1 a categoria cient\u00edfica B+ (estudos pol\u00edticos e de gest\u00e3o). Os resultados da avalia\u00e7\u00e3o ser\u00e3o anunciados em junho\/julho. No entanto, j\u00e1 felicitar o reitor por a Universidade ser uma das melhores&#8221;, disse o Ministro da Educa\u00e7\u00e3o e Ci\u00eancia, Przemys\u0142aw [&hellip;]<\/p>\n","protected":false},"author":6,"featured_media":224836,"comment_status":"closed","ping_status":"closed","sticky":false,"template":"","format":"standard","meta":[],"categories":[67],"tags":[],"_links":{"self":[{"href":"https:\/\/www.polishscience.pl\/pt-pt\/wp-json\/wp\/v2\/posts\/225003"}],"collection":[{"href":"https:\/\/www.polishscience.pl\/pt-pt\/wp-json\/wp\/v2\/posts"}],"about":[{"href":"https:\/\/www.polishscience.pl\/pt-pt\/wp-json\/wp\/v2\/types\/post"}],"author":[{"embeddable":true,"href":"https:\/\/www.polishscience.pl\/pt-pt\/wp-json\/wp\/v2\/users\/6"}],"replies":[{"embeddable":true,"href":"https:\/\/www.polishscience.pl\/pt-pt\/wp-json\/wp\/v2\/comments?post=225003"}],"version-history":[{"count":0,"href":"https:\/\/www.polishscience.pl\/pt-pt\/wp-json\/wp\/v2\/posts\/225003\/revisions"}],"wp:featuredmedia":[{"embeddable":true,"href":"https:\/\/www.polishscience.pl\/pt-pt\/wp-json\/wp\/v2\/media\/224836"}],"wp:attachment":[{"href":"https:\/\/www.polishscience.pl\/pt-pt\/wp-json\/wp\/v2\/media?parent=225003"}],"wp:term":[{"taxonomy":"category","embeddable":true,"href":"https:\/\/www.polishscience.pl\/pt-pt\/wp-json\/wp\/v2\/categories?post=225003"},{"taxonomy":"post_tag","embeddable":true,"href":"https:\/\/www.polishscience.pl\/pt-pt\/wp-json\/wp\/v2\/tags?post=225003"}],"curies":[{"name":"wp","href":"https:\/\/api.w.org\/{rel}","templated":true}]}}