{"id":222190,"date":"2022-06-09T15:13:25","date_gmt":"2022-06-09T13:13:25","guid":{"rendered":"https:\/\/polishscience.pl\/?p=222190"},"modified":"2022-06-09T15:13:25","modified_gmt":"2022-06-09T13:13:25","slug":"funcionario-da-universidade-tecnologica-da-silesia-e-vice-campeao-da-polonia-em-jogos-matematicos-e-logicos","status":"publish","type":"post","link":"https:\/\/www.polishscience.pl\/pt-pt\/funcionario-da-universidade-tecnologica-da-silesia-e-vice-campeao-da-polonia-em-jogos-matematicos-e-logicos\/","title":{"rendered":"Funcion\u00e1rio da Universidade Tecnol\u00f3gica da Sil\u00e9sia \u00e9 vice-campe\u00e3o da Pol\u00f3nia em Jogos Matem\u00e1ticos e L\u00f3gicos"},"content":{"rendered":"<p class=\"western\"><b><span style=\"color: #000000;\"><span style=\"font-family: Times New Roman, serif;\"><span style=\"font-size: medium;\"><span lang=\"zxx\">Beniamin Stecu\u0142a, pesquisador da Faculdade de Matem\u00e1tica Aplicada da Universidade Tecnol\u00f3gica da Sil\u00e9sia, conquistou o segundo lugar no Campeonato Polacos de Jogos Matem\u00e1ticos e L\u00f3gicos e representar\u00e1 a Pol\u00f3nia no Campeonato Internacional na Su\u00ed\u00e7a em agosto.<\/span><\/span><\/span><\/span><\/b><\/p>\n<p class=\"western\"><span style=\"color: #000000;\"><span style=\"font-family: Times New Roman, serif;\"><span style=\"font-size: medium;\"><span lang=\"zxx\">A final do Campeonato Polaco foi realizada ap\u00f3s um hiato de tr\u00eas anos causado pela pandemia. A competi\u00e7\u00e3o consistiu em 6 horas de luta com 36 tarefas matem\u00e1ticas e l\u00f3gicas de dificuldade crescente. O segundo lugar permite ao cientista de Gliwice participar dos campeonatos mundiais na Su\u00ed\u00e7a.<\/span><\/span><\/span><\/span><\/p>\n<p class=\"western\"><span style=\"color: #000000;\"><span style=\"font-family: Times New Roman, serif;\"><span style=\"font-size: medium;\"><span lang=\"zxx\">O Campeonato Mundial de Jogos de Matem\u00e1tica e L\u00f3gica organizado pela Federa\u00e7\u00e3o Suisse Des Jeux Mathematiques acontecer\u00e1 em agosto em Lausanne. Al\u00e9m da Pol\u00f3nia, participar\u00e3o representantes de, entre outros, Fran\u00e7a, Su\u00ed\u00e7a, Canad\u00e1, Tun\u00edsia, Arg\u00e9lia, Espanha e It\u00e1lia, informa a Universidade.<\/span><\/span><\/span><\/span><\/p>\n<p class=\"western\"><span style=\"color: #000000;\"><span style=\"font-family: Times New Roman, serif;\"><span style=\"font-size: medium;\"><span lang=\"zxx\">Mais: <a href=\"https:\/\/www.polsl.pl\/ps_aktualnosci\/pracownik-ps-wicemistrzem-polski-w-grach-matematycznych-i-logicznych\/\">https:\/\/www.polsl.pl\/ps_aktualnosci\/pracownik-ps-wicemistrzem-polski-w-grach-matematycznych-i-logicznych\/<\/a> <\/span><\/span><\/span><\/span><\/p>\n<p class=\"western\">\n","protected":false},"excerpt":{"rendered":"<p>Beniamin Stecu\u0142a, pesquisador da Faculdade de Matem\u00e1tica Aplicada da Universidade Tecnol\u00f3gica da Sil\u00e9sia, conquistou o segundo lugar no Campeonato Polacos de Jogos Matem\u00e1ticos e L\u00f3gicos e representar\u00e1 a Pol\u00f3nia no Campeonato Internacional na Su\u00ed\u00e7a em agosto. A final do Campeonato Polaco foi realizada ap\u00f3s um hiato de tr\u00eas anos causado pela pandemia. A competi\u00e7\u00e3o consistiu [&hellip;]<\/p>\n","protected":false},"author":6,"featured_media":221994,"comment_status":"closed","ping_status":"closed","sticky":false,"template":"","format":"standard","meta":[],"categories":[73],"tags":[],"_links":{"self":[{"href":"https:\/\/www.polishscience.pl\/pt-pt\/wp-json\/wp\/v2\/posts\/222190"}],"collection":[{"href":"https:\/\/www.polishscience.pl\/pt-pt\/wp-json\/wp\/v2\/posts"}],"about":[{"href":"https:\/\/www.polishscience.pl\/pt-pt\/wp-json\/wp\/v2\/types\/post"}],"author":[{"embeddable":true,"href":"https:\/\/www.polishscience.pl\/pt-pt\/wp-json\/wp\/v2\/users\/6"}],"replies":[{"embeddable":true,"href":"https:\/\/www.polishscience.pl\/pt-pt\/wp-json\/wp\/v2\/comments?post=222190"}],"version-history":[{"count":0,"href":"https:\/\/www.polishscience.pl\/pt-pt\/wp-json\/wp\/v2\/posts\/222190\/revisions"}],"wp:featuredmedia":[{"embeddable":true,"href":"https:\/\/www.polishscience.pl\/pt-pt\/wp-json\/wp\/v2\/media\/221994"}],"wp:attachment":[{"href":"https:\/\/www.polishscience.pl\/pt-pt\/wp-json\/wp\/v2\/media?parent=222190"}],"wp:term":[{"taxonomy":"category","embeddable":true,"href":"https:\/\/www.polishscience.pl\/pt-pt\/wp-json\/wp\/v2\/categories?post=222190"},{"taxonomy":"post_tag","embeddable":true,"href":"https:\/\/www.polishscience.pl\/pt-pt\/wp-json\/wp\/v2\/tags?post=222190"}],"curies":[{"name":"wp","href":"https:\/\/api.w.org\/{rel}","templated":true}]}}